{"id":8371,"date":"2013-04-16T12:39:54","date_gmt":"2013-04-16T10:39:54","guid":{"rendered":"http:\/\/www.curteaveche.ro\/blog\/?p=8371"},"modified":"2013-04-17T15:33:46","modified_gmt":"2013-04-17T13:33:46","slug":"cove-invitat-la-atelierul-de-lectura-clasicii-repovestiti","status":"publish","type":"post","link":"https:\/\/www.curteaveche.ro\/blog\/cove-invitat-la-atelierul-de-lectura-clasicii-repovestiti\/","title":{"rendered":"Cove, invitat la atelierul de lectur\u0103 &#8222;Clasicii Repovesti\u0163i&#8221;"},"content":{"rendered":"<p>O nou\u0103 edi\u0163ie \u201eClasicii repovesti\u0163i. Ateliere de lectur\u0103 pentru copii iste\u0163i\u201d va avea loc duminic\u0103, 21 aprilie, \u00eencep\u00e2nd cu ora 11.00, la Libr\u0103ria C\u0103rture\u015fti din cadrul AFI Palace Cotroceni. Cu aceast\u0103 ocazie, copiii vor putea citi \u015fi discuta cartea \u201eBlack Beauty. Repovestire dup\u0103 romanul Annei Sewell\u201d al\u0103turi de actorul Cove (Gabriel Cove\u015feanu), \u00een cadrul proiectului de promovare a lecturii ini\u0163iat de Curtea Veche Publishing \u015fi sprijinit de Libr\u0103riile C\u0103rture\u015fti.<\/p>\n<p>Evenimentul face parte dintr-un proiect mai amplu &#8211; o serie de ateliere organizate timp de patru luni \u00een \u015fapte ora\u015fe importante ale \u0163\u0103rii (Arad, Bra\u015fov, Bucure\u015fti, Cluj-Napoca, Constan\u0163a, Ia\u015fi, Timi\u015foara) cu scopul de a face lectura atractiv\u0103 pentru cei mici \u015fi de a atrage aten\u0163ia asupra importan\u0163ei adapt\u0103rii textelor la capacitatea lor de \u00een\u0163elegere.<\/p>\n<p>\u00cen luna mai, copiii pot afla povestea lui Black Beauty, care \u015fi-a tr\u0103it lini\u015ftit toat\u0103 via\u0163a la o ferm\u0103. Dar c\u00e2nd so\u0163ia st\u0103p\u00e2nului cade la pat, via\u0163a lui Black Beauty se schimb\u0103 radical, iar lucrurile cap\u0103t\u0103 o turnur\u0103 dramatic\u0103. Strivit de o lume plin\u0103 de ignoran\u0163\u0103 \u015fi cruzime, Beauty trebuie s\u0103 fac\u0103 tot ce se poate pentru a supravie\u0163ui, p\u00e2n\u0103 c\u00e2nd va reu\u015fi s\u0103 g\u0103seasc\u0103 drumul spre dragostea \u015fi bun\u0103tatea pe care le cunoscuse c\u00e2ndva.<\/p>\n<p>Durata unui atelier este de o or\u0103 \u015fi jum\u0103tate. Participarea se face pe baz\u0103 de \u00eenscriere la Libr\u0103rille C\u0103rture\u015fti (pentru Bucure\u015fti, alexandru.stirbu@carturesti.ro) iar la un atelier se pot \u00eenscrie maxim 20 de copii. \u00cen taxa de intrare de 30 lei\/copil+p\u0103rinte vor fi incluse volumul pe baza c\u0103ruia se \u0163ine atelierul \u015fi o diplom\u0103 de participare. Programul complet al atelierelor, precum \u015fi adresele libr\u0103riilor unde vor avea loc, pot fi g\u0103site pe site-ul editurii, <a href=\"http:\/\/www.curteaveche.ro\/\">www.curteaveche.ro<\/a>.<\/p>\n<p><span style=\"font-size: 13px; line-height: 19px;\">Duminic\u0103, 21 aprilie, invitatul atelierului din Bucure\u015fti va fi <\/span><strong style=\"font-size: 13px; line-height: 19px;\">Cove, <\/strong><span style=\"font-size: 13px; line-height: 19px;\">actor \u0219i cunoscut moderator TV. Cove este absolvent al sec\u021biei de Actorie a UNATC Bucure\u0219ti. Cove \u015fi-a \u00eenceput cariera la Teatrul Ion Creang\u0103 din Bucure\u015fti \u015fi, ulterior, a descoperit televiziunea, devenind cunoscut datorit\u0103 contribu\u0163iei sale \u00een cadrul emisiunii \u201cSurprize, surprize\u201d. Cove lucreaz\u0103 \u00een prezent la postul de televiziune Kanal D, fiind \u00een acela\u015fi timp \u00een continuare un actor \u00eendr\u0103git al Teatrului Ion Creang\u0103.\u00a0<\/span><\/p>\n<p>&nbsp;<\/p>\n<p align=\"center\"><strong><a href=\"http:\/\/www.curteaveche.ro\/blog\/wp-content\/uploads\/2013\/04\/cove.jpg\"><img loading=\"lazy\" decoding=\"async\" class=\"aligncenter size-full wp-image-8374\" title=\"cove\" src=\"http:\/\/www.curteaveche.ro\/blog\/wp-content\/uploads\/2013\/04\/cove.jpg\" alt=\"\" width=\"635\" height=\"953\" srcset=\"https:\/\/www.curteaveche.ro\/blog\/wp-content\/uploads\/2013\/04\/cove.jpg 635w, https:\/\/www.curteaveche.ro\/blog\/wp-content\/uploads\/2013\/04\/cove-199x300.jpg 199w\" sizes=\"auto, (max-width: 635px) 100vw, 635px\" \/><\/a><\/strong><\/p>\n<p align=\"center\">surs\u0103 foto:\u00a0<a href=\"http:\/\/www.facebook.com\/pages\/Gabriel-Cove-Official\/\">http:\/\/www.facebook.com\/pages\/Gabriel-Cove-Official\/<\/a><\/p>\n<p align=\"center\"><strong>Atelierele lunii aprilie &#8211; <\/strong>\u201e<a href=\"http:\/\/www.curteaveche.ro\/black-beauty-repovestire-dupa-romanul-annei-sewell.html\">Black Beauty<\/a>\u201d<strong><\/strong><\/p>\n<p><strong>ARAD<\/strong><br \/>\nVineri, 26 aprilie, ora 17.00, atelier sus\u0163inut de Giorgiana Elena Popan<\/p>\n<p><em>C\u0103rture\u0219ti Arad &#8211; Atrium Center, str. Aurel Vlaicu, nr. 10 &#8211; 12, Atrium Center.<\/em><\/p>\n<p><em>\u00censcrieri : <\/em><a href=\"mailto:mgr_arad@carturesti.ro\"><em>mgr_arad@carturesti.ro<\/em><\/a><em>.<\/em><\/p>\n<p>&nbsp;<\/p>\n<p><strong>BRA\u015eOV <\/strong><\/p>\n<p>S\u00e2mb\u0103t\u0103, 27 aprilie, ora 12.00, atelier sus\u0163inut de Silvian Duic\u0103<\/p>\n<p><em>C\u0103rture\u015fti Bra\u015fov,\u00a0 <\/em><em>Pia\u0163a Sfatului nr. 20 <\/em><\/p>\n<p><em>\u00censcrieri: <\/em><em>manager_bv@carturesti.ro<\/em><em><\/em><\/p>\n<p><strong>BUCURE\u0218TI\u00a0<\/strong><br \/>\nDuminic\u0103, 14 aprilie, ora 11.00, atelier sus\u0163inut de Smaranda Nicolau.<br \/>\nDuminic\u0103, 21 aprilie, ora 11.00, atelier sus\u0163inut de Cove.<\/p>\n<p><em>C\u0103rture\u015fti AFI, AFI Palace Cotroceni, B-dul Vasile Milea nr. 4, Sector 6. <\/em><\/p>\n<p><em>\u00censcrieri: <\/em><a href=\"mailto:alexandru.stirbu@carturesti.ro\"><em>alexandru.stirbu@carturesti.ro<\/em><\/a><em>.<\/em><\/p>\n<p>&nbsp;<\/p>\n<p><strong>CLUJ-NAPOCA<\/strong><br \/>\nS\u00e2mb\u0103t\u0103, 27 aprilie, ora 11.30, atelier sus\u0163inut de Rodica Tulbure<\/p>\n<p><em>Libr\u0103ria C\u0103rture\u015fti Iulius Mall, str. Al. Vaida-Voievod nr. 53 \u2013 55, Iulius Mall, parter.<\/em><\/p>\n<p><em>\u00censcrieri: <a href=\"mailto:carturesti.mihaimateiu@gmail.com\">carturesti.mihaimateiu@gmail.com<\/a>.<\/em><\/p>\n<p><strong>\u00a0<\/strong><\/p>\n<p><strong>CONSTAN\u021aA<\/strong><br \/>\nS\u00e2mb\u0103t\u0103, 27 aprilie, ora 18.00<\/p>\n<p><em>Libr\u0103ria C\u0103rture\u015fti, blvd. Al. Lapusneanu, nr. 116C, City Park Mall, parter.<\/em><\/p>\n<p><em>\u00censcrieri: <a href=\"mailto:manager_ctm@carturesti.ro\">manager_ctm@carturesti.ro<\/a>.<\/em><\/p>\n<p>&nbsp;<\/p>\n<p><strong>IA\u0218I<\/strong><\/p>\n<p>S\u00e2mb\u0103t\u0103, 27 aprilie, ora 12.00, atelier sus\u0163inut de Teatrul de buzunar<\/p>\n<p><em>Libr\u0103ria C\u0103rure\u015fti Palas, Palas Mall, str. Stefan cel Mare \u015fi Sfant, nr. 1 A. <\/em><\/p>\n<p><em>\u00censcrieri: <a href=\"mailto:cart_iasi_palas@carturesti.ro,0734.55.44.39\">cart_iasi_palas@carturesti.ro,<\/a>0734.55.44.39.<\/em><em>\u00a0<\/em><\/p>\n<p>&nbsp;<\/p>\n<p><strong>TIMI\u0218OARA<\/strong><\/p>\n<p>S\u00e2mb\u0103t\u0103, 27 aprilie, ora 16.00<\/p>\n<p><em>Llibr\u0103ria C\u0103rture\u015fti Mercy, str Mercy nr. 7.<\/em><\/p>\n<p><em>\u00ce<\/em><em>nscrieri:<\/em><em>\u00a0<\/em><em><a href=\"mailto:dianapetrut@gmail.com\">dianapetrut@gmail.com<\/a>.<\/em><em><\/em><\/p>\n","protected":false},"excerpt":{"rendered":"<p>O nou\u0103 edi\u0163ie \u201eClasicii repovesti\u0163i. Ateliere de lectur\u0103 pentru copii iste\u0163i\u201d va avea loc duminic\u0103, 21 aprilie, \u00eencep\u00e2nd cu ora 11.00, la Libr\u0103ria C\u0103rture\u015fti din cadrul AFI Palace Cotroceni. Cu aceast\u0103 ocazie, copiii vor putea citi \u015fi discuta cartea \u201eBlack Beauty. Repovestire dup\u0103 romanul Annei Sewell\u201d al\u0103turi de actorul Cove (Gabriel Cove\u015feanu), \u00een cadrul proiectului&hellip;&nbsp;<a href=\"https:\/\/www.curteaveche.ro\/blog\/cove-invitat-la-atelierul-de-lectura-clasicii-repovestiti\/\" rel=\"bookmark\"><span class=\"screen-reader-text\">Cove, invitat la atelierul de lectur\u0103 &#8222;Clasicii Repovesti\u0163i&#8221;<\/span><\/a><\/p>\n","protected":false},"author":1,"featured_media":8373,"comment_status":"open","ping_status":"open","sticky":false,"template":"","format":"standard","meta":{"neve_meta_sidebar":"","neve_meta_container":"","neve_meta_enable_content_width":"","neve_meta_content_width":0,"neve_meta_title_alignment":"","neve_meta_author_avatar":"","neve_post_elements_order":"","neve_meta_disable_header":"","neve_meta_disable_footer":"","neve_meta_disable_title":"","footnotes":""},"categories":[1],"tags":[],"class_list":["post-8371","post","type-post","status-publish","format-standard","has-post-thumbnail","hentry","category-uncategorized"],"_links":{"self":[{"href":"https:\/\/www.curteaveche.ro\/blog\/wp-json\/wp\/v2\/posts\/8371","targetHints":{"allow":["GET"]}}],"collection":[{"href":"https:\/\/www.curteaveche.ro\/blog\/wp-json\/wp\/v2\/posts"}],"about":[{"href":"https:\/\/www.curteaveche.ro\/blog\/wp-json\/wp\/v2\/types\/post"}],"author":[{"embeddable":true,"href":"https:\/\/www.curteaveche.ro\/blog\/wp-json\/wp\/v2\/users\/1"}],"replies":[{"embeddable":true,"href":"https:\/\/www.curteaveche.ro\/blog\/wp-json\/wp\/v2\/comments?post=8371"}],"version-history":[{"count":0,"href":"https:\/\/www.curteaveche.ro\/blog\/wp-json\/wp\/v2\/posts\/8371\/revisions"}],"wp:featuredmedia":[{"embeddable":true,"href":"https:\/\/www.curteaveche.ro\/blog\/wp-json\/wp\/v2\/media\/8373"}],"wp:attachment":[{"href":"https:\/\/www.curteaveche.ro\/blog\/wp-json\/wp\/v2\/media?parent=8371"}],"wp:term":[{"taxonomy":"category","embeddable":true,"href":"https:\/\/www.curteaveche.ro\/blog\/wp-json\/wp\/v2\/categories?post=8371"},{"taxonomy":"post_tag","embeddable":true,"href":"https:\/\/www.curteaveche.ro\/blog\/wp-json\/wp\/v2\/tags?post=8371"}],"curies":[{"name":"wp","href":"https:\/\/api.w.org\/{rel}","templated":true}]}}