{"id":8357,"date":"2013-04-09T09:53:49","date_gmt":"2013-04-09T07:53:49","guid":{"rendered":"http:\/\/www.curteaveche.ro\/blog\/?p=8357"},"modified":"2013-04-09T09:55:15","modified_gmt":"2013-04-09T07:55:15","slug":"basarab-nicolescu-in-dialog-cu-adrian-cioroianu-la-ateneul-roman","status":"publish","type":"post","link":"https:\/\/www.curteaveche.ro\/blog\/basarab-nicolescu-in-dialog-cu-adrian-cioroianu-la-ateneul-roman\/","title":{"rendered":"Basarab Nicolescu \u00een dialog cu Adrian Cioroianu la Ateneul Rom\u00e2n"},"content":{"rendered":"<p style=\"text-align: left;\" align=\"center\"><span style=\"font-size: 13px; line-height: 19px;\">Luni, 15 aprilie, \u00eencep\u00e2nd cu ora 18:30, Filarmonica \u00abGeorge Enescu\u00bb va g\u0103zdui conferin\u021ba sus\u021binut\u0103 de cunoscutul fizician \u0219i filosof Basarab Nicolescu, \u00een dialog cu Adrian Cioroianu, decanul Facult\u0103\u021bii de Istorie, Universitatea Bucure\u0219ti. Tema conferin\u021bei este \u00abTransdisciplinaritatea &#8211; unitatea cunoa\u0219terii, condi\u021bie a demnit\u0103tii umane\u00bb, evenimentul fiind organizat \u00een colaborare cu Institutul de Studii Transdisciplinare \u00een \u0218tiin\u021b\u0103, Spiritualitate, Societate (IT4S) \u0219i Curtea Veche Publishing.<\/span><\/p>\n<p><span style=\"font-size: 13px; line-height: 19px;\">Evenimentul va fi deschis de dl. Andrei Dimitriu, Director General al Filarmonicii \u00abGeorge Enescu\u00bb. E. S. Philippe Gustin, va adresa mesajul Ambasadei Fran\u021bei la Bucure\u0219ti, care va fi urmat de un interludiu muzical sus\u021binut de pianistul Viniciu Moroianu.<\/span><\/p>\n<p><span style=\"font-size: 13px; line-height: 19px;\">Acad. Basarab Nicolescu va vorbi despre modul \u00een care fragmentarea accelerat\u0103 a cunoa\u0219terii umane (peste 8000 de discipline academice) este un factor important al haosului generat de o globalizare ira\u021bional\u0103. Transdisciplinaritatea ofer\u0103 o metodologie riguroas\u0103 a stabilirii pun\u021bilor \u00eentre discipline \u0219i, de asemenea, a dialogului \u00eentre culturi, religii \u0219i spiritualit\u0103\u021bi. Dezintegrarea civiliza\u021biei globale actuale poate fi oare evitat\u0103? O nou\u0103 civiliza\u021bie poate face fa\u021b\u0103 poli-crizei mondiale dac\u0103 ea va fi axat\u0103 pe unitatea cunoa\u0219terii \u0219i, \u00een particular, pe reforma organiza\u021biilor interna\u021bionale \u0219i pe reforma planetar\u0103 a educa\u021biei.<\/span><\/p>\n<p>&nbsp;<\/p>\n<div><a href=\"http:\/\/www.curteaveche.ro\/blog\/wp-content\/uploads\/2013\/04\/Afis_Basarab-Nicolescu_A2.jpg\"><img loading=\"lazy\" decoding=\"async\" class=\"aligncenter  wp-image-8359\" title=\"Afis_Basarab Nicolescu_A2\" src=\"http:\/\/www.curteaveche.ro\/blog\/wp-content\/uploads\/2013\/04\/Afis_Basarab-Nicolescu_A2.jpg\" alt=\"\" width=\"3567\" height=\"5011\" srcset=\"https:\/\/www.curteaveche.ro\/blog\/wp-content\/uploads\/2013\/04\/Afis_Basarab-Nicolescu_A2.jpg 1139w, https:\/\/www.curteaveche.ro\/blog\/wp-content\/uploads\/2013\/04\/Afis_Basarab-Nicolescu_A2-213x300.jpg 213w, https:\/\/www.curteaveche.ro\/blog\/wp-content\/uploads\/2013\/04\/Afis_Basarab-Nicolescu_A2-729x1024.jpg 729w\" sizes=\"auto, (max-width: 3567px) 100vw, 3567px\" \/><\/a><\/div>\n<p><span style=\"font-size: 13px; line-height: 19px;\">Seara se va \u00eencheia cu lansarea c\u0103r\u0163ii <\/span><em style=\"font-size: 13px; line-height: 19px;\">Th\u00e9or\u00e8mes po\u00e9tiques <\/em><em style=\"font-size: 13px; line-height: 19px;\">\/ Teoreme poetice<\/em><span style=\"font-size: 13px; line-height: 19px;\"> de Basarab Nicolescu, edi\u021bie bilingv\u0103 bibliofil\u0103 ap\u0103rut\u0103 la Curtea Veche Publishing \u0219i ilustrat\u0103 de Mircia Dumitrescu, prezentat\u0103 de Acad. Eugen Simion \u015fi cu vernisajul expozi\u021biei de gravur\u0103 a artistului Mircia Dumitrescu.<\/span><\/p>\n<p style=\"text-align: center;\"><a href=\"http:\/\/www.curteaveche.ro\/blog\/wp-content\/uploads\/2013\/04\/teoreme_poetice_coperta_1.jpg\"><img loading=\"lazy\" decoding=\"async\" class=\"aligncenter  wp-image-8361\" title=\"teoreme_poetice_coperta_1\" src=\"http:\/\/www.curteaveche.ro\/blog\/wp-content\/uploads\/2013\/04\/teoreme_poetice_coperta_1.jpg\" alt=\"\" width=\"900\" height=\"818\" srcset=\"https:\/\/www.curteaveche.ro\/blog\/wp-content\/uploads\/2013\/04\/teoreme_poetice_coperta_1.jpg 1500w, https:\/\/www.curteaveche.ro\/blog\/wp-content\/uploads\/2013\/04\/teoreme_poetice_coperta_1-300x272.jpg 300w, https:\/\/www.curteaveche.ro\/blog\/wp-content\/uploads\/2013\/04\/teoreme_poetice_coperta_1-1024x931.jpg 1024w\" sizes=\"auto, (max-width: 900px) 100vw, 900px\" \/><\/a><\/p>\n<p><span style=\"font-size: 13px; line-height: 19px;\">\u00abVolumul bilingv franco-rom\u00e2n <\/span><em style=\"font-size: 13px; line-height: 19px;\">Th\u00e9or\u00e8mes po\u00e9tiques \/ Teoreme poetice<\/em><span style=\"font-size: 13px; line-height: 19px;\"> &#8211; scrie Acad. Eugen Simion &#8211; adun\u0103 laolalt\u0103 cuget\u0103ri, medita\u0163ii, aforisme, pilde de \u00een\u0163elepciune ale teoreticianului-fizician \u015fi g\u00e2nditorului rom\u00e2n stabilit \u00een Fran\u0163a, Basarab Nicolescu. Textele sunt grupate \u00een treisprezece sec\u0163iuni: Nivele de Realitate; Ra\u0163iunea; \u015etiin\u0163\u0103 \u015fi tradi\u0163ie; Sensul; Transdisciplinaritatea; Poetica cuantic\u0103; Cosmodernitatea; Prostia; Natura; Ter\u0163ul tainic inclus; Dumnezeu(i); Via\u0163a \u2013 Moartea; Eu. A vorbi despre ele sau \u00eencercarea de a le explica \u00een\u0163elesul ar fi totuna cu a le priva de farmecul brevit\u0103\u0163ii cu care \u00eei ofer\u0103 cititorului mostre de g\u00e2ndire \u00een stare pur\u0103. De aceea, numai citarea se potrive\u015fte acestor texte, despre care autorul \u00eensu\u015fi spune c\u0103: <\/span><em style=\"font-size: 13px; line-height: 19px;\">Teoremele poetice nu demonstreaz\u0103 nimic: ele dezv\u0103luie Eviden\u0163a Absolut\u0103, ascuns\u0103 pretutindeni<\/em><span style=\"font-size: 13px; line-height: 19px;\">\u00bb.<\/span><\/p>\n<p><strong style=\"font-size: 13px; line-height: 19px;\">Basarab Nicolescu<\/strong><span style=\"font-size: 13px; line-height: 19px;\">\u00a0(n. 1942) tr\u0103ie\u015fte \u00een Fran\u0163a din 1968. Este fizician onorific la CNRS, Fran\u0163a, profesor la Universitatea Babe\u015f-Bolyai, Cluj-Napoca, Membru de Onoare al Academiei Rom\u00e2ne, Profesor Extraordinar la Universitatea din Stellenbosch (Africa de Sud), Fellow la Stellenbosch Institute for Advanced Study (STIAS), Doctor<\/span><em style=\"font-size: 13px; line-height: 19px;\">\u00a0honoris causa<\/em><span style=\"font-size: 13px; line-height: 19px;\">\u00a0la Universitatea din Veracruz (Mexic), Universitatea Al. I. Cuza din Ia\u015fi, Universitatea Tehnic\u0103 din Cluj-Napoca, Universitatea George Bacovia din Bac\u0103u, Universitatea Vasile Goldi\u015f din Arad \u015fi Universitatea Petrol-Gaze din Ploie\u015fti.<\/span><\/p>\n<p><span style=\"font-size: 13px; line-height: 19px;\">Specialist \u00een teoria particulelor elementare, autor a peste 130 de articole publicate \u00een reviste \u015ftiin\u0163ifice interna\u0163ionale de mare prestigiu, Basarab Nicolescu este, de asemenea, personalitatea major\u0103, pe plan mondial, a transdisciplinarit\u0103\u0163ii, fondator \u015fi pre\u015fedinte al Centrului Interna\u0163ional de Cercet\u0103ri \u015fi Studii Transdisciplinare (CIRET), Paris, fondator \u015fi director al colec\u0163iilor <\/span><em style=\"font-size: 13px; line-height: 19px;\">Transdisciplinaritate<\/em><span style=\"font-size: 13px; line-height: 19px;\">\u00a0(Rocher, Monaco),\u00a0<\/span><em style=\"font-size: 13px; line-height: 19px;\">Rom\u00e2nii din Paris<\/em><span style=\"font-size: 13px; line-height: 19px;\">\u00a0(Oxus, Paris),\u00a0<\/span><em style=\"font-size: 13px; line-height: 19px;\">\u015etiin\u0163\u0103 \u015fi Religie<\/em><span style=\"font-size: 13px; line-height: 19px;\">\u00a0\u015fi\u00a0<\/span><em style=\"font-size: 13px; line-height: 19px;\">\u015etiin\u0163\u0103, Spiritualitate, Societate<\/em><span style=\"font-size: 13px; line-height: 19px;\">\u00a0(Curtea Veche Publishing, Bucure\u015fti), redactor-\u015fef al revistei interna\u0163ionale\u00a0<\/span><em style=\"font-size: 13px; line-height: 19px;\">Transdisciplinary Journal of Engineering &amp; Science<\/em><span style=\"font-size: 13px; line-height: 19px;\">, USA, director al revistelor interna\u0163ionale <\/span><em style=\"font-size: 13px; line-height: 19px;\">Transdisciplinarity in Science and Religion\u00a0<\/em><span style=\"font-size: 13px; line-height: 19px;\">\u015fi <\/span><em style=\"font-size: 13px; line-height: 19px;\">Transdisciplinarity Studies \u2014 Science, Spirituality, Society,\u00a0<\/em><span style=\"font-size: 13px; line-height: 19px;\">Rom\u00e2nia.<\/span><\/p>\n<p><strong style=\"font-size: 13px; line-height: 19px;\">Adrian Cioroianu<\/strong><span style=\"font-size: 13px; line-height: 19px;\"> este autorul volumelor de succes <\/span><em style=\"font-size: 13px; line-height: 19px;\">Pe umerii lui Marx. O introducere \u00een istoria comunismului rom\u00e2nesc<\/em><span style=\"font-size: 13px; line-height: 19px;\">\u00a0(2005) \u015fi <\/span><em style=\"font-size: 13px; line-height: 19px;\">Geopolitica Matrio\u015fk\u0103i. Rusia postsovietic\u0103 \u00een noua ordine mondial\u0103<\/em><span style=\"font-size: 13px; line-height: 19px;\">\u00a0(2009), ambele ap\u0103rute la Curtea Veche Publishing. N\u0103scut \u00een 1967, Craiova, este Doctor \u00een Istorie al Universit\u0103\u0163ii Laval din Qu\u00e9bec, Canada, \u015fi al Universit\u0103\u0163ii Bucure\u015fti. Specializat \u00een Istoria Contemporan\u0103 a Rom\u00e2niei, lucreaz\u0103 din 1993 \u00een Facultatea de Istorie a Universit\u0103\u0163ii Bucure\u015fti (\u00een prezent profesor si decan), unde sus\u0163ine cursuri de Istorie a regimului comunist din Rom\u00e2nia \u015fi de Istorie a Rusiei postsovietice. Din octombrie 2011 este director al Departamentului Istoria Rom\u00e2nilor \u015fi a Sud-Estului Europei din Facultatea de Istorie a Universit\u0103\u0163ii Bucure\u015fti. Redactor \u015fi ulterior colaborator permanent al revistei\u00a0<\/span><em style=\"font-size: 13px; line-height: 19px;\">Dilema \/ Dilema veche<\/em><span style=\"font-size: 13px; line-height: 19px;\">\u00a0(din 1998 p\u00e2n\u0103 \u00een prezent), Adrian Cioroianu public\u0103 constant \u00een revistele <\/span><em style=\"font-size: 13px; line-height: 19px;\">Foreign Policy \u2014 Rom\u00e2nia<\/em><span style=\"font-size: 13px; line-height: 19px;\">, <\/span><em style=\"font-size: 13px; line-height: 19px;\">Historia<\/em><span style=\"font-size: 13px; line-height: 19px;\">, <\/span><em style=\"font-size: 13px; line-height: 19px;\">Istorie \u015fi civiliza\u0163ie <\/em><span style=\"font-size: 13px; line-height: 19px;\">\u015fi <\/span><em style=\"font-size: 13px; line-height: 19px;\">Scrisul rom\u00e2nesc.<\/em><\/p>\n<p>&nbsp;<\/p>\n<p><span style=\"font-size: 13px; line-height: 19px;\">Participarea de eveniment se face \u00een baza biletelor de intrare: 10 lei \/ 5 lei pre\u0163 redus pentru studen\u0163i.<\/span><\/p>\n<p>&nbsp;<\/p>\n<p>&nbsp;<\/p>\n<p align=\"right\">\n","protected":false},"excerpt":{"rendered":"<p>Luni, 15 aprilie, \u00eencep\u00e2nd cu ora 18:30, Filarmonica \u00abGeorge Enescu\u00bb va g\u0103zdui conferin\u021ba sus\u021binut\u0103 de cunoscutul fizician \u0219i filosof Basarab Nicolescu, \u00een dialog cu Adrian Cioroianu, decanul Facult\u0103\u021bii de Istorie, Universitatea Bucure\u0219ti. Tema conferin\u021bei este \u00abTransdisciplinaritatea &#8211; unitatea cunoa\u0219terii, condi\u021bie a demnit\u0103tii umane\u00bb, evenimentul fiind organizat \u00een colaborare cu Institutul de Studii Transdisciplinare \u00een \u0218tiin\u021b\u0103,&hellip;&nbsp;<a href=\"https:\/\/www.curteaveche.ro\/blog\/basarab-nicolescu-in-dialog-cu-adrian-cioroianu-la-ateneul-roman\/\" rel=\"bookmark\"><span class=\"screen-reader-text\">Basarab Nicolescu \u00een dialog cu Adrian Cioroianu la Ateneul Rom\u00e2n<\/span><\/a><\/p>\n","protected":false},"author":1,"featured_media":8359,"comment_status":"open","ping_status":"open","sticky":false,"template":"","format":"standard","meta":{"neve_meta_sidebar":"","neve_meta_container":"","neve_meta_enable_content_width":"","neve_meta_content_width":0,"neve_meta_title_alignment":"","neve_meta_author_avatar":"","neve_post_elements_order":"","neve_meta_disable_header":"","neve_meta_disable_footer":"","neve_meta_disable_title":"","footnotes":""},"categories":[1],"tags":[],"class_list":["post-8357","post","type-post","status-publish","format-standard","has-post-thumbnail","hentry","category-uncategorized"],"_links":{"self":[{"href":"https:\/\/www.curteaveche.ro\/blog\/wp-json\/wp\/v2\/posts\/8357","targetHints":{"allow":["GET"]}}],"collection":[{"href":"https:\/\/www.curteaveche.ro\/blog\/wp-json\/wp\/v2\/posts"}],"about":[{"href":"https:\/\/www.curteaveche.ro\/blog\/wp-json\/wp\/v2\/types\/post"}],"author":[{"embeddable":true,"href":"https:\/\/www.curteaveche.ro\/blog\/wp-json\/wp\/v2\/users\/1"}],"replies":[{"embeddable":true,"href":"https:\/\/www.curteaveche.ro\/blog\/wp-json\/wp\/v2\/comments?post=8357"}],"version-history":[{"count":0,"href":"https:\/\/www.curteaveche.ro\/blog\/wp-json\/wp\/v2\/posts\/8357\/revisions"}],"wp:featuredmedia":[{"embeddable":true,"href":"https:\/\/www.curteaveche.ro\/blog\/wp-json\/wp\/v2\/media\/8359"}],"wp:attachment":[{"href":"https:\/\/www.curteaveche.ro\/blog\/wp-json\/wp\/v2\/media?parent=8357"}],"wp:term":[{"taxonomy":"category","embeddable":true,"href":"https:\/\/www.curteaveche.ro\/blog\/wp-json\/wp\/v2\/categories?post=8357"},{"taxonomy":"post_tag","embeddable":true,"href":"https:\/\/www.curteaveche.ro\/blog\/wp-json\/wp\/v2\/tags?post=8357"}],"curies":[{"name":"wp","href":"https:\/\/api.w.org\/{rel}","templated":true}]}}