{"id":389,"date":"2009-05-06T16:21:14","date_gmt":"2009-05-06T14:21:14","guid":{"rendered":"http:\/\/curteaveche.wordpress.com\/?p=389"},"modified":"2009-05-06T16:21:14","modified_gmt":"2009-05-06T14:21:14","slug":"pe-25-mai-ray-loriga-vine-in-romania","status":"publish","type":"post","link":"https:\/\/www.curteaveche.ro\/blog\/pe-25-mai-ray-loriga-vine-in-romania\/","title":{"rendered":"Pe 25 mai, Ray Loriga vine in Romania sa lanseze &#8222;Eroi&#8221;!"},"content":{"rendered":"<p><!-- \t\t@page { size: 21cm 29.7cm; margin: 2cm } \t\tP { margin-bottom: 0.21cm } --><\/p>\n<p style=\"margin-bottom:0;line-height:150%;\" align=\"justify\">Salut,<\/p>\n<p style=\"margin-bottom:0;line-height:150%;\" align=\"justify\">Pe 25 mai, Ray Loriga soseste in Romania sa lanseze &#8222;Eroi&#8221;!<\/p>\n<p style=\"margin-bottom:0;line-height:150%;\" align=\"justify\">\n<p style=\"margin-bottom:0;line-height:150%;\" align=\"justify\"><img loading=\"lazy\" decoding=\"async\" class=\"aligncenter\" src=\"http:\/\/i2.photobucket.com\/albums\/y18\/dresdenbabydoll\/ray2.jpg\" alt=\"\" width=\"390\" height=\"431\" \/><\/p>\n<p style=\"margin-bottom:0;line-height:150%;\" align=\"justify\">\n<p style=\"margin-bottom:0;line-height:150%;\" align=\"justify\">\n<p style=\"margin-bottom:0;line-height:150%;text-align:justify;\">Iar pentru cei care nu il cunosc inca, sa facem introducerile : )<\/p>\n<p style=\"margin-bottom:0;line-height:150%;text-align:justify;\">Ray Loriga este cu certitudine reprezentantul cel mai mai cunoscut al Genera\u0163iei X in Europa. Primul sau roman, &#8222;Lo peor de todo&#8221;, aparut in 1992, a fost primit cu entuziasm de\u00a0 critica. Un an mai tarziu, cel de-al doilea roman, &#8222;Eroi&#8221;, i-a adus scriitorului o cota de popularitate uimitoare, transformandu-l peste noapte \u00eentr-un autor-cult. Lansarea sa in lumea scriitoriceasca se produce in cadrul gruparii artistice madrilene <a href=\"http:\/\/lamovidaliteraria.com\/\">La Movida<\/a>, aparuta la finele dictaturii lui Franco, din care mai fac parte Alberto Garc\u00eda-Alix si Pedro Almodovar. Loriga si-a recunoscut influentele si afinitatile \u00een zona autorilor americani Jack Kerouak si Charles Bukowski, declarandu-se adept al unei filozofiei de via\u0163\u0103 apropiata celei a <a href=\"http:\/\/www.litkicks.com\/BeatGen\/\">autorilor beat<\/a>.<\/p>\n<p style=\"margin-bottom:0;line-height:150%;text-align:justify;\">Energiile lui creatoare se revars\u0103 \u015fi \u00een alte teritorii artistice. Impreuna cu Almodovar, a scris scenariul filmului <a href=\"http:\/\/www.youtube.com\/watch?v=6A56EX_cfVg\">Carne tr\u00e9mula<\/a>. In plus, a regizat o serie de produc\u0163ii cinematografice dup\u0103 adapt\u0103ri ale propriilor romane sau dup\u0103 scenarii originale.<\/p>\n<p style=\"margin-bottom:0;line-height:150%;text-align:justify;\">Pe langa &#8222;Eroi&#8221; si &#8222;Ca\u00eddos del Cielo&#8221; &#8211; in curs de aparitie, Ray Loriga a mai publicat &#8222;D\u00edas extra\u00f1os&#8221; (1994 &#8211; povestiri), &#8222;Tokio ya no nos quiere &#8222;(1999), &#8222;Tr\u00edfero&#8221; (2000) \u015fi &#8221; El hombre que invent\u00f3 Manhattan&#8221; (2004).<\/p>\n<p style=\"margin-bottom:0;line-height:150%;text-align:justify;\">To be continued&#8230;<\/p>\n","protected":false},"excerpt":{"rendered":"<p>Salut, Pe 25 mai, Ray Loriga soseste in Romania sa lanseze &#8222;Eroi&#8221;! Iar pentru cei care nu il cunosc inca, sa facem introducerile : ) Ray Loriga este cu certitudine reprezentantul cel mai mai cunoscut al Genera\u0163iei X in Europa. Primul sau roman, &#8222;Lo peor de todo&#8221;, aparut in 1992, a fost primit cu entuziasm&hellip;&nbsp;<a href=\"https:\/\/www.curteaveche.ro\/blog\/pe-25-mai-ray-loriga-vine-in-romania\/\" rel=\"bookmark\"><span class=\"screen-reader-text\">Pe 25 mai, Ray Loriga vine in Romania sa lanseze &#8222;Eroi&#8221;!<\/span><\/a><\/p>\n","protected":false},"author":1,"featured_media":0,"comment_status":"open","ping_status":"open","sticky":false,"template":"","format":"standard","meta":{"neve_meta_sidebar":"","neve_meta_container":"","neve_meta_enable_content_width":"","neve_meta_content_width":0,"neve_meta_title_alignment":"","neve_meta_author_avatar":"","neve_post_elements_order":"","neve_meta_disable_header":"","neve_meta_disable_footer":"","neve_meta_disable_title":"","footnotes":""},"categories":[1],"tags":[],"class_list":["post-389","post","type-post","status-publish","format-standard","hentry","category-uncategorized"],"_links":{"self":[{"href":"https:\/\/www.curteaveche.ro\/blog\/wp-json\/wp\/v2\/posts\/389","targetHints":{"allow":["GET"]}}],"collection":[{"href":"https:\/\/www.curteaveche.ro\/blog\/wp-json\/wp\/v2\/posts"}],"about":[{"href":"https:\/\/www.curteaveche.ro\/blog\/wp-json\/wp\/v2\/types\/post"}],"author":[{"embeddable":true,"href":"https:\/\/www.curteaveche.ro\/blog\/wp-json\/wp\/v2\/users\/1"}],"replies":[{"embeddable":true,"href":"https:\/\/www.curteaveche.ro\/blog\/wp-json\/wp\/v2\/comments?post=389"}],"version-history":[{"count":0,"href":"https:\/\/www.curteaveche.ro\/blog\/wp-json\/wp\/v2\/posts\/389\/revisions"}],"wp:attachment":[{"href":"https:\/\/www.curteaveche.ro\/blog\/wp-json\/wp\/v2\/media?parent=389"}],"wp:term":[{"taxonomy":"category","embeddable":true,"href":"https:\/\/www.curteaveche.ro\/blog\/wp-json\/wp\/v2\/categories?post=389"},{"taxonomy":"post_tag","embeddable":true,"href":"https:\/\/www.curteaveche.ro\/blog\/wp-json\/wp\/v2\/tags?post=389"}],"curies":[{"name":"wp","href":"https:\/\/api.w.org\/{rel}","templated":true}]}}