{"id":248,"date":"2009-02-20T13:59:08","date_gmt":"2009-02-20T11:59:08","guid":{"rendered":"http:\/\/curteaveche.wordpress.com\/?p=248"},"modified":"2009-02-20T13:59:08","modified_gmt":"2009-02-20T11:59:08","slug":"austerlitz-semnat-wg-sebald","status":"publish","type":"post","link":"https:\/\/www.curteaveche.ro\/blog\/austerlitz-semnat-wg-sebald\/","title":{"rendered":"Austerlitz. Semnat: W.G. Sebald"},"content":{"rendered":"<p>Salut,<\/p>\n<p>Ramanem tot in zona cartilor ce urmeaza sa iasa de sub tipar, numai ca schimbam nationalitatea autorului:). Este vorba despre\u00a0 ultimul roman al lui <a href=\"http:\/\/en.wikipedia.org\/wiki\/W._G._Sebald\">W.G. Sebald<\/a>, publicat cu putin timp inainte de accidentul de masina din 2001, in care autorul si-a pierdut viata.<\/p>\n<p class=\"MsoNormal\"><span lang=\"RO-MO\">A venit Austerlitz de la tipar, dup\u0103 o gesta\u0163ie \u00eent\u00eerziat\u0103 un pic de criz\u0103 \u2013 c\u0103derea cursului a dus la renegocieri. S\u0103pt\u0103m\u00eena viitoare cartea va fi \u00een libr\u0103rii.\u00a0 Sper ca romanul lui Sebald s\u0103 aib\u0103 receptarea cuvenit\u0103. Experiment literar<span> <\/span>\u2013 un text fluviu, compact, deghizat pe alocuri \u00een eseu sau \u00een reportaj \u015fi \u00eenso\u0163it de ilustra\u0163ii, totul pentru a sus\u0163ine c\u00eet mai autentic derularea acestei voci a con\u015ftiin\u0163ei, pendul\u00eend \u00eentre derapajele \u015fi \u201emisterele\u201d istoriei de la ultimul r\u0103zboi mondial \u00eencoace &#8211; care ar putea pune la \u00eencercare prejudec\u0103\u0163ile celor care cred c\u0103 literatura se opre\u015fte la fic\u0163iune. O carte mare, a\u015f spune \u2013 greu de spus dac\u0103 e mai mare ca discurs \u015fi mesaj sau ca realizare. <\/span><span lang=\"RO-MO\"><\/span><\/p>\n<p class=\"MsoNormal\"><span lang=\"RO-MO\">A.B., coordonatorul colectiei <a href=\"http:\/\/www.curteaveche.ro\/index.php?module=pagesetter&amp;tid=3&amp;filter1=category:eq:17\">Byblos<\/a><\/span><\/p>\n<p class=\"MsoNormal\">\n<p class=\"MsoNormal\"><span lang=\"RO-MO\"><a href=\"http:\/\/www.curteaveche.ro\/blog\/wp-content\/uploads\/2009\/02\/austerlitz.jpg\"><img loading=\"lazy\" decoding=\"async\" class=\"aligncenter size-medium wp-image-249\" title=\"austerlitz\" src=\"http:\/\/www.curteaveche.ro\/blog\/wp-content\/uploads\/2009\/02\/austerlitz.jpg?w=192\" alt=\"austerlitz\" width=\"192\" height=\"300\" srcset=\"https:\/\/www.curteaveche.ro\/blog\/wp-content\/uploads\/2009\/02\/austerlitz.jpg 1024w, https:\/\/www.curteaveche.ro\/blog\/wp-content\/uploads\/2009\/02\/austerlitz-192x300.jpg 192w, https:\/\/www.curteaveche.ro\/blog\/wp-content\/uploads\/2009\/02\/austerlitz-655x1024.jpg 655w\" sizes=\"auto, (max-width: 192px) 100vw, 192px\" \/><\/a><br \/>\n<\/span><\/p>\n<p class=\"MsoNormal\"><span lang=\"RO-MO\"><br \/>\n<\/span><\/p>\n","protected":false},"excerpt":{"rendered":"<p>Salut, Ramanem tot in zona cartilor ce urmeaza sa iasa de sub tipar, numai ca schimbam nationalitatea autorului:). Este vorba despre\u00a0 ultimul roman al lui W.G. Sebald, publicat cu putin timp inainte de accidentul de masina din 2001, in care autorul si-a pierdut viata. A venit Austerlitz de la tipar, dup\u0103 o gesta\u0163ie \u00eent\u00eerziat\u0103 un&hellip;&nbsp;<a href=\"https:\/\/www.curteaveche.ro\/blog\/austerlitz-semnat-wg-sebald\/\" rel=\"bookmark\"><span class=\"screen-reader-text\">Austerlitz. Semnat: W.G. Sebald<\/span><\/a><\/p>\n","protected":false},"author":1,"featured_media":0,"comment_status":"open","ping_status":"open","sticky":false,"template":"","format":"standard","meta":{"neve_meta_sidebar":"","neve_meta_container":"","neve_meta_enable_content_width":"","neve_meta_content_width":0,"neve_meta_title_alignment":"","neve_meta_author_avatar":"","neve_post_elements_order":"","neve_meta_disable_header":"","neve_meta_disable_footer":"","neve_meta_disable_title":"","footnotes":""},"categories":[1],"tags":[],"class_list":["post-248","post","type-post","status-publish","format-standard","hentry","category-uncategorized"],"_links":{"self":[{"href":"https:\/\/www.curteaveche.ro\/blog\/wp-json\/wp\/v2\/posts\/248","targetHints":{"allow":["GET"]}}],"collection":[{"href":"https:\/\/www.curteaveche.ro\/blog\/wp-json\/wp\/v2\/posts"}],"about":[{"href":"https:\/\/www.curteaveche.ro\/blog\/wp-json\/wp\/v2\/types\/post"}],"author":[{"embeddable":true,"href":"https:\/\/www.curteaveche.ro\/blog\/wp-json\/wp\/v2\/users\/1"}],"replies":[{"embeddable":true,"href":"https:\/\/www.curteaveche.ro\/blog\/wp-json\/wp\/v2\/comments?post=248"}],"version-history":[{"count":0,"href":"https:\/\/www.curteaveche.ro\/blog\/wp-json\/wp\/v2\/posts\/248\/revisions"}],"wp:attachment":[{"href":"https:\/\/www.curteaveche.ro\/blog\/wp-json\/wp\/v2\/media?parent=248"}],"wp:term":[{"taxonomy":"category","embeddable":true,"href":"https:\/\/www.curteaveche.ro\/blog\/wp-json\/wp\/v2\/categories?post=248"},{"taxonomy":"post_tag","embeddable":true,"href":"https:\/\/www.curteaveche.ro\/blog\/wp-json\/wp\/v2\/tags?post=248"}],"curies":[{"name":"wp","href":"https:\/\/api.w.org\/{rel}","templated":true}]}}