{"id":18543,"date":"2020-01-17T16:18:56","date_gmt":"2020-01-17T14:18:56","guid":{"rendered":"https:\/\/www.curteaveche.ro\/blog\/?p=18543"},"modified":"2021-01-18T19:54:10","modified_gmt":"2021-01-18T17:54:10","slug":"top-5-carti-de-dezvoltare-personala-pe-care-trebuie-sa-le-citesti","status":"publish","type":"post","link":"https:\/\/www.curteaveche.ro\/blog\/top-5-carti-de-dezvoltare-personala-pe-care-trebuie-sa-le-citesti\/","title":{"rendered":"Top 5 c\u0103r\u021bi de dezvoltare personal\u0103 pe care trebuie s\u0103 le cite\u0219ti"},"content":{"rendered":"<p>\u00ce\u021bi place s\u0103 cite\u0219ti, iar dezvoltarea personal\u0103 reprezint\u0103 un obiectiv pentru tine, \u00een orice moment? Atunci trebuie s\u0103 \u0219tii c\u0103 po\u021bi \u00eembina cele dou\u0103 activit\u0103\u021bi, prin lecturarea c\u0103r\u021bilor potrivite.<\/p>\n<p>Ast\u0103zi \u021bi-am preg\u0103tit o list\u0103 de recomand\u0103ri, care include cinci <strong><a href=\"https:\/\/www.curteaveche.ro\/c\/dezvoltare-personala\" target=\"_blank\" rel=\"noopener noreferrer\">c\u0103r\u021bi de dezvoltare personal\u0103,<\/a><\/strong> pe care trebuie s\u0103 le cite\u0219ti. Acestea te vor \u00eenv\u0103\u021ba s\u0103 \u00ee\u021bi dezvol\u021bi stima de sine \u0219i s\u0103 te apreciezi la adev\u0103rata ta valoare. \u00cen plus, cu ajutorul lor, vei descoperi cum s\u0103 acorzi aten\u021bie lucrurilor cu adev\u0103rat importante, din via\u021ba ta.<\/p>\n<p>\u00cenva\u021b\u0103 s\u0103 fii fericit, chiar \u0219i atunci c\u00e2nd via\u021ba nu este roz!<\/p>\n<p><strong>C\u0103r\u021bi de dezvoltare personal\u0103 care te vor ajuta s\u0103 tr\u0103ie\u0219ti liber<\/strong><\/p>\n<p>\u00cencepem lista de recomand\u0103ri de ast\u0103zi cu dou\u0103 c\u0103r\u021bi de dezvoltare personal\u0103, care te vor \u00eenv\u0103\u021ba s\u0103 tr\u0103ie\u0219ti liber, f\u0103r\u0103 a mai \u00eencerca s\u0103 ajungi la perfec\u021biunea inexistent\u0103.<\/p>\n<p><a href=\"https:\/\/www.curteaveche.ro\/p\/secretul-libertatii\" target=\"_blank\" rel=\"noopener noreferrer\"><em><strong>Secretul libert\u0103\u021bii &#8211; Diavolul p\u0103c\u0103lit<\/strong><\/em><\/a> este o carte de excep\u021bie, scris\u0103 de <strong>Napoleon Hill,<\/strong> un autor celebru de literatur\u0103 motiva\u021bional\u0103. Acesta recunoa\u0219te existen\u021ba Diavolului \u00een realitatea pe care fiecare dintre noi o contur\u0103m, prin prisma lucrurilor \u0219i a evenimentelor care ne influen\u021beaz\u0103 via\u021ba.<\/p>\n<p>C\u00e2t timp la\u0219i un lucru sau o \u00eent\u00e2mplare s\u0103 te ajute sau s\u0103 \u00ee\u021bi d\u0103uneze, aceasta va deveni responsabil\u0103 pentru Raiul sau Iadul \u00een care tr\u0103ie\u0219ti. Autorul \u00ee\u021bi va dezv\u0103lui calea c\u0103tre libertatea adev\u0103rat\u0103, ca urmare a confrunt\u0103rii cu tine \u00eensu\u021bi, din care po\u021bi \u0219i trebuie s\u0103 ie\u0219i \u00eenving\u0103tor.<\/p>\n<p><img loading=\"lazy\" decoding=\"async\" class=\"aligncenter wp-image-18546 size-medium\" src=\"https:\/\/www.curteaveche.ro\/blog\/wp-content\/uploads\/2020\/05\/secretul_libertatii_cop1-600x905-199x300.jpg\" alt=\"\" width=\"199\" height=\"300\" srcset=\"https:\/\/www.curteaveche.ro\/blog\/wp-content\/uploads\/2020\/05\/secretul_libertatii_cop1-600x905-199x300.jpg 199w, https:\/\/www.curteaveche.ro\/blog\/wp-content\/uploads\/2020\/05\/secretul_libertatii_cop1-600x905.jpg 600w\" sizes=\"auto, (max-width: 199px) 100vw, 199px\" \/><\/p>\n<p><a href=\"https:\/\/www.curteaveche.ro\/p\/viata-nu-e-mereu-roz\" target=\"_blank\" rel=\"noopener noreferrer\"><em><strong>Via\u021ba nu e mereu roz<\/strong><\/em><\/a> este o carte scris\u0103 de <strong>Mel Robbins,<\/strong> un autor care trateaz\u0103 un subiect cu care fiecare dintre noi ne confrunt\u0103m. De c\u00e2te ori ai avut impresia c\u0103 ceva lipse\u0219te din via\u021ba ta? Te-ai aflat deseori \u00een situa\u021bia \u00een care ai fi vrut ca \u0219i via\u021ba ta s\u0103 fie roz, a\u0219a cum p\u0103rea cea a prietenilor sau a membrilor familiei tale?<\/p>\n<p>Aceast\u0103 carte trateaz\u0103 efectele neaccept\u0103rii unei vie\u021bi lipsite de perfec\u021biunea la care tindem, dar care nu exist\u0103. Odat\u0103 ce vei \u00een\u021belege \u0219i accepta faptul c\u0103 via\u021ba nu este mereu roz, aceasta va deveni mult mai bun\u0103.<\/p>\n<p>Trebuie doar s\u0103 descoperi calea c\u0103tre concretizarea propriilor tale dorin\u021be \u0219i s\u0103 faci alegeri diverse, din gama op\u021biunilor pe care le ai la dispozi\u021bie.<\/p>\n<p><img loading=\"lazy\" decoding=\"async\" class=\"aligncenter wp-image-18547 size-medium\" src=\"https:\/\/www.curteaveche.ro\/blog\/wp-content\/uploads\/2020\/05\/viata_nu_e_mereu_roz_cop1-600x905-199x300.jpg\" alt=\"\" width=\"199\" height=\"300\" srcset=\"https:\/\/www.curteaveche.ro\/blog\/wp-content\/uploads\/2020\/05\/viata_nu_e_mereu_roz_cop1-600x905-199x300.jpg 199w, https:\/\/www.curteaveche.ro\/blog\/wp-content\/uploads\/2020\/05\/viata_nu_e_mereu_roz_cop1-600x905.jpg 600w\" sizes=\"auto, (max-width: 199px) 100vw, 199px\" \/><\/p>\n<p><strong>C\u0103r\u021bi care te inspir\u0103 s\u0103 fii curajos \u0219i s\u0103 te dezvol\u021bi emo\u021bional<\/strong><\/p>\n<p>Continu\u0103m lista de recomand\u0103ri cu trei c\u0103r\u021bi de dezvoltare personal\u0103, care trateaz\u0103 importan\u021ba inten\u021biei \u0219i faptul c\u0103 trebuie s\u0103 \u00ee\u021bi acorzi \u0219ansa de a fi vulnerabil. Doar astfel, vei avea curajul de a fi tu \u00eensu\u021bi, \u00eentr-o realitate pe care o creezi, prin aten\u021bia pe care o acorzi evenimentelor din via\u021ba ta.<\/p>\n<p><em><strong>Curajul de a fi vulnerabil<\/strong><\/em> este o carte care apar\u021bine celebrei autoare <strong>Bren\u00e9 Brown.<\/strong> Aceasta trateaz\u0103 problema vulnerabilit\u0103\u021bii cu care fiecare dintre noi ne confrunt\u0103m. \u00cen \u00eencercarea de a atinge nivelul perfec\u021biunii conturate de societate, ne trezim adesea tr\u0103ind \u00een nesiguran\u021b\u0103. Este dificil s\u0103 speri \u0219i s\u0103 fii curajos, atunci c\u00e2nd sim\u021bi c\u0103 tr\u0103ie\u0219ti \u00een incertitudine.<\/p>\n<p>Cu toate acestea, Brene Brown \u0219i-a propus s\u0103 desfiin\u021beze mitul conform c\u0103ruia vulnerabilitatea este o sl\u0103biciune. \u00cen schimb, aceast\u0103 carte te va \u00eenv\u0103\u021ba faptul c\u0103 aceast\u0103 tr\u0103s\u0103tur\u0103 contureaz\u0103 adev\u0103rata valoare a curajului.<\/p>\n<p>G\u0103se\u0219te calea c\u0103tre lumea ta interioar\u0103, parcurg\u00e2nd fiecare pagin\u0103 a acestei c\u0103r\u021bi. Vei descoperi paradoxurile curajului \u0219i vei \u00eenv\u0103\u021ba s\u0103 fii puternic, chiar \u0219i atunci c\u00e2nd e\u0219ti vulnerabil.<\/p>\n<p><img loading=\"lazy\" decoding=\"async\" class=\"aligncenter wp-image-18548 size-medium\" src=\"https:\/\/www.curteaveche.ro\/blog\/wp-content\/uploads\/2020\/05\/Curajul-de-a-fi-vulnerabil_coperta-600x905-199x300.jpg\" alt=\"\" width=\"199\" height=\"300\" srcset=\"https:\/\/www.curteaveche.ro\/blog\/wp-content\/uploads\/2020\/05\/Curajul-de-a-fi-vulnerabil_coperta-600x905-199x300.jpg 199w, https:\/\/www.curteaveche.ro\/blog\/wp-content\/uploads\/2020\/05\/Curajul-de-a-fi-vulnerabil_coperta-600x905.jpg 600w\" sizes=\"auto, (max-width: 199px) 100vw, 199px\" \/><\/p>\n<p><a href=\"https:\/\/www.curteaveche.ro\/p\/puterea-intentiei-editia-a-iii-a\" target=\"_blank\" rel=\"noopener noreferrer\"><em><strong>Puterea inten\u021biei<\/strong><\/em><\/a> este o carte din literatura motiva\u021bional\u0103 care apar\u021bine celebrului autor <strong>Dr. Wayne W. Dyer.<\/strong> Acesta trateaz\u0103, \u00een manier\u0103 unic\u0103 \u0219i bine documentat\u0103, rolul inten\u021biei \u00een via\u021ba noastr\u0103. Aceasta conduce la luarea deciziilor \u0219i ne propulseaz\u0103 c\u0103tre \u00eendeplinirea scopurilor propuse.<\/p>\n<p>Parcurg\u00e2nd filele acestei c\u0103r\u021bi, vei descoperi cum s\u0103 transformi sentimentul \u00eemplinirii \u00eentr-o constant\u0103 \u00een via\u021ba ta. Vei afla cum s\u0103 tr\u0103ie\u0219ti o experien\u021b\u0103 care s\u0103 te \u00eemplineasc\u0103, prin ob\u021binerea armoniei profesionale, prin dezvoltarea rela\u021biilor interumane \u0219i prin acceptarea tr\u0103irilor interioare.<\/p>\n<p><img loading=\"lazy\" decoding=\"async\" class=\"aligncenter wp-image-18549 size-medium\" src=\"https:\/\/www.curteaveche.ro\/blog\/wp-content\/uploads\/2020\/05\/Puterea-intentiei_coperta-1_web-600x905-199x300.jpg\" alt=\"\" width=\"199\" height=\"300\" srcset=\"https:\/\/www.curteaveche.ro\/blog\/wp-content\/uploads\/2020\/05\/Puterea-intentiei_coperta-1_web-600x905-199x300.jpg 199w, https:\/\/www.curteaveche.ro\/blog\/wp-content\/uploads\/2020\/05\/Puterea-intentiei_coperta-1_web-600x905.jpg 600w\" sizes=\"auto, (max-width: 199px) 100vw, 199px\" \/><\/p>\n<p>Trebuie s\u0103 ai <a href=\"https:\/\/www.curteaveche.ro\/p\/curajul-de-a-fi-tu-insuti\" target=\"_blank\" rel=\"noopener noreferrer\"><em><strong>Curajul de a fi tu \u00eensu\u021bi,<\/strong><\/em><\/a> spune <strong>Jacques Salom\u00e9,<\/strong> pentru a merge mereu \u00eenainte, \u00een armonie cu tine \u0219i cu ceilal\u021bi. Descoper\u0103 arta de a comunica la nivelurile profunde ale con\u0219tiin\u021bei \u0219i vei pune bazele unei rela\u021bii vii \u0219i armonioase cu tine \u00eensu\u021bi \u0219i cu cei din jur.<\/p>\n<p>\u00cen aceast\u0103 carte, vei afla care sunt reperele care te pot ajuta s\u0103 ie\u0219i din zonele de umbr\u0103 ale personalit\u0103\u021bii tale, pentru a dep\u0103\u0219i \u00eenfr\u00e2ngerile de moment. Astfel, vei descoperi arta de a comunica, pentru a ob\u021bine tot ceea ce \u00ee\u021bi dore\u0219ti.<\/p>\n<p><img loading=\"lazy\" decoding=\"async\" class=\"aligncenter wp-image-18550 size-medium\" src=\"https:\/\/www.curteaveche.ro\/blog\/wp-content\/uploads\/2020\/05\/Curajul-de-a-fi-tu-insuti_SALOME_600x770_front-600x905-199x300.jpg\" alt=\"\" width=\"199\" height=\"300\" srcset=\"https:\/\/www.curteaveche.ro\/blog\/wp-content\/uploads\/2020\/05\/Curajul-de-a-fi-tu-insuti_SALOME_600x770_front-600x905-199x300.jpg 199w, https:\/\/www.curteaveche.ro\/blog\/wp-content\/uploads\/2020\/05\/Curajul-de-a-fi-tu-insuti_SALOME_600x770_front-600x905.jpg 600w\" sizes=\"auto, (max-width: 199px) 100vw, 199px\" \/><br \/>\nPrin urmare, acum ai la dispozi\u021bie lista de titluri ale urm\u0103toarelor cinci c\u0103r\u021bi pe care le po\u021bi citi, pentru a te dezvolta personal. Prin lecturarea acestora, vei descoperi secretul libert\u0103\u021bii \u0219i vei \u00eenv\u0103\u021ba s\u0103 accep\u021bi via\u021ba, chiar \u0219i atunci c\u00e2nd nu e roz. \u00cendr\u0103zne\u0219te s\u0103 fii vulnerabil, folose\u0219te-te de puterea inten\u021biei \u0219i, astfel, vei avea curajul de a fi tu \u00eensu\u021bi.<\/p>\n<p>Descoper\u0103 mai multe informa\u021bii despre domeniul dezvolt\u0103rii personale, din c\u0103r\u021bile puse la dispozi\u021bie, \u00een aceast\u0103 categorie, pe <strong><a href=\"https:\/\/www.curteaveche.ro\/\" target=\"_blank\" rel=\"noopener noreferrer\">curteaveche.ro.<\/a><\/strong><\/p>\n","protected":false},"excerpt":{"rendered":"<p>\u00ce\u021bi place s\u0103 cite\u0219ti, iar dezvoltarea personal\u0103 reprezint\u0103 un obiectiv pentru tine, \u00een orice moment? Atunci trebuie s\u0103 \u0219tii c\u0103 po\u021bi \u00eembina cele dou\u0103 activit\u0103\u021bi, prin lecturarea c\u0103r\u021bilor potrivite. Ast\u0103zi \u021bi-am preg\u0103tit o list\u0103 de recomand\u0103ri, care include cinci c\u0103r\u021bi de dezvoltare personal\u0103, pe care trebuie s\u0103 le cite\u0219ti. Acestea te vor \u00eenv\u0103\u021ba s\u0103 \u00ee\u021bi&hellip;&nbsp;<a href=\"https:\/\/www.curteaveche.ro\/blog\/top-5-carti-de-dezvoltare-personala-pe-care-trebuie-sa-le-citesti\/\" rel=\"bookmark\"><span class=\"screen-reader-text\">Top 5 c\u0103r\u021bi de dezvoltare personal\u0103 pe care trebuie s\u0103 le cite\u0219ti<\/span><\/a><\/p>\n","protected":false},"author":1,"featured_media":18545,"comment_status":"open","ping_status":"open","sticky":false,"template":"","format":"standard","meta":{"neve_meta_sidebar":"","neve_meta_container":"","neve_meta_enable_content_width":"","neve_meta_content_width":0,"neve_meta_title_alignment":"","neve_meta_author_avatar":"","neve_post_elements_order":"","neve_meta_disable_header":"","neve_meta_disable_footer":"","neve_meta_disable_title":"","footnotes":""},"categories":[3],"tags":[],"class_list":["post-18543","post","type-post","status-publish","format-standard","has-post-thumbnail","hentry","category-carte"],"_links":{"self":[{"href":"https:\/\/www.curteaveche.ro\/blog\/wp-json\/wp\/v2\/posts\/18543","targetHints":{"allow":["GET"]}}],"collection":[{"href":"https:\/\/www.curteaveche.ro\/blog\/wp-json\/wp\/v2\/posts"}],"about":[{"href":"https:\/\/www.curteaveche.ro\/blog\/wp-json\/wp\/v2\/types\/post"}],"author":[{"embeddable":true,"href":"https:\/\/www.curteaveche.ro\/blog\/wp-json\/wp\/v2\/users\/1"}],"replies":[{"embeddable":true,"href":"https:\/\/www.curteaveche.ro\/blog\/wp-json\/wp\/v2\/comments?post=18543"}],"version-history":[{"count":0,"href":"https:\/\/www.curteaveche.ro\/blog\/wp-json\/wp\/v2\/posts\/18543\/revisions"}],"wp:featuredmedia":[{"embeddable":true,"href":"https:\/\/www.curteaveche.ro\/blog\/wp-json\/wp\/v2\/media\/18545"}],"wp:attachment":[{"href":"https:\/\/www.curteaveche.ro\/blog\/wp-json\/wp\/v2\/media?parent=18543"}],"wp:term":[{"taxonomy":"category","embeddable":true,"href":"https:\/\/www.curteaveche.ro\/blog\/wp-json\/wp\/v2\/categories?post=18543"},{"taxonomy":"post_tag","embeddable":true,"href":"https:\/\/www.curteaveche.ro\/blog\/wp-json\/wp\/v2\/tags?post=18543"}],"curies":[{"name":"wp","href":"https:\/\/api.w.org\/{rel}","templated":true}]}}