{"id":18373,"date":"2020-01-13T11:36:25","date_gmt":"2020-01-13T09:36:25","guid":{"rendered":"https:\/\/www.curteaveche.ro\/blog\/?p=18373"},"modified":"2021-01-18T19:54:54","modified_gmt":"2021-01-18T17:54:54","slug":"lansare-de-carte-la-30-de-ani-de-la-intoarcerea-familiei-regale-in-romania","status":"publish","type":"post","link":"https:\/\/www.curteaveche.ro\/blog\/lansare-de-carte-la-30-de-ani-de-la-intoarcerea-familiei-regale-in-romania\/","title":{"rendered":"Lansare de carte la 30 de ani de la \u00eentoarcerea Familiei Regale \u00een Rom\u00e2nia"},"content":{"rendered":"<p>Cu ocazia \u00eemplinirii a 30 de ani de la \u00eentoarcerea Familiei Regale \u00een Rom\u00e2nia,\u00a0Curtea Veche Publishing lanseaz\u0103 volumul\u00a0<a href=\"https:\/\/www.curteaveche.ro\/p\/margareta-trei-decenii-ale-coroanei-1990-2020\" target=\"_blank\" rel=\"noopener noreferrer\"><strong><em>Margareta. Trei decenii ale Coroanei: 1990-2020<\/em><\/strong><\/a> \u00een prezen\u021ba chiar a <strong>Majest\u0103\u021bii Sale Margareta a Rom\u00e2niei<\/strong>, al\u0103turi de <strong>Alte\u021ba Sa Regal\u0103 Principele Radu, Alte\u021ba Sa Regal\u0103 Principesa Elena, Excelen\u021ba Sa Alexander Phillips Nixon<\/strong> \u0219i <strong>Alte\u021ba Sa Regal\u0103 Principesa Sofia.<\/strong><\/p>\n<p>Evenimentul va avea loc <strong>vineri, 17 ianuarie, de la ora 18:00, la C\u0103rture\u0219ti Carusel<\/strong> (Str. Lipscani nr. 55). Intrarea va fi liber\u0103.<\/p>\n<p>La eveniment vor vorbi <strong>Sandra Gatejeanu Gheorghe,<\/strong> autoarea volumului \u0219i <strong>Ir\u00e9n Arsene M\u00e1t\u00e9,<\/strong> directoarea Curtea Veche Publishing.<\/p>\n<p>Volumul de fa\u021b\u0103 prezint\u0103 via\u021ba \u0219i activitatea Custodelui Coroanei \u00eencep\u00e2nd cu anul 1990, c\u00e2nd aceasta pune pentru prima dat\u0103 piciorul pe p\u0103m\u00e2nt rom\u00e2nesc, p\u00e2n\u0103 la sf\u00e2r\u0219itul anului 2019. Cuv\u00e2ntul \u00eenainte, intitulat \u201e30 de fapte \u00een 30 de ani\u201d \u0219i semnat de Principele Radu, este un rezumat al celor mai importante evenimente care au avut \u00een centrul lor Casa Regal\u0103 a Rom\u00e2niei \u00een ultimele trei decenii. A\u0219adar, cartea prezint\u0103 \u00een ordine cronologic\u0103 cele mai importante ac\u021biuni ale Familiei Regale p\u00e2n\u0103 \u00een prezent: activitatea Funda\u021biei Margareta a Rom\u00e2niei \u00een sprijinul celor nevoia\u0219i \u0219i al tinerelor speran\u021be, vizitele interne \u0219i interna\u021bionale, fastuoasele recep\u021bii de la re\u0219edin\u021bele regale Palatul Elisabeta, Castelul Pele\u0219, Castelul S\u0103v\u00e2r\u0219in. Printre aceste evenimente se num\u0103r\u0103 \u0219i cele \u00eenchinate memoriei \u00eenainta\u0219ilor, precum inaugurarea Promenadei Regina Maria din Paris.<\/p>\n<p><strong><em><a href=\"https:\/\/www.curteaveche.ro\/p\/margareta-trei-decenii-ale-coroanei-1990-2020\" target=\"_blank\" rel=\"noopener noreferrer\">Margareta. Trei decenii ale Coroanei: 1990-2020<\/a>\u00a0<\/em><\/strong>este disponibil\u0103 pe <a href=\"https:\/\/www.curteaveche.ro\/p\/margareta-trei-decenii-ale-coroanei-1990-2020\" target=\"_blank\" rel=\"noopener noreferrer\">curteaveche.ro<\/a> sau \u00een libr\u0103riile din \u021bar\u0103.<em>\u00a0<\/em>Cartea va putea fi achizi\u021bionat\u0103 \u0219i \u00een cadrul\u00a0 evenimentului.<\/p>\n","protected":false},"excerpt":{"rendered":"<p>Cu ocazia \u00eemplinirii a 30 de ani de la \u00eentoarcerea Familiei Regale \u00een Rom\u00e2nia,\u00a0Curtea Veche Publishing lanseaz\u0103 volumul\u00a0Margareta. Trei decenii ale Coroanei: 1990-2020 \u00een prezen\u021ba chiar a Majest\u0103\u021bii Sale Margareta a Rom\u00e2niei, al\u0103turi de Alte\u021ba Sa Regal\u0103 Principele Radu, Alte\u021ba Sa Regal\u0103 Principesa Elena, Excelen\u021ba Sa Alexander Phillips Nixon \u0219i Alte\u021ba Sa Regal\u0103 Principesa Sofia.&hellip;&nbsp;<a href=\"https:\/\/www.curteaveche.ro\/blog\/lansare-de-carte-la-30-de-ani-de-la-intoarcerea-familiei-regale-in-romania\/\" rel=\"bookmark\"><span class=\"screen-reader-text\">Lansare de carte la 30 de ani de la \u00eentoarcerea Familiei Regale \u00een Rom\u00e2nia<\/span><\/a><\/p>\n","protected":false},"author":1,"featured_media":18375,"comment_status":"open","ping_status":"open","sticky":false,"template":"","format":"standard","meta":{"neve_meta_sidebar":"","neve_meta_container":"","neve_meta_enable_content_width":"","neve_meta_content_width":0,"neve_meta_title_alignment":"","neve_meta_author_avatar":"","neve_post_elements_order":"","neve_meta_disable_header":"","neve_meta_disable_footer":"","neve_meta_disable_title":"","footnotes":""},"categories":[8,2348],"tags":[],"class_list":["post-18373","post","type-post","status-publish","format-standard","has-post-thumbnail","hentry","category-lansari","category-stiri"],"_links":{"self":[{"href":"https:\/\/www.curteaveche.ro\/blog\/wp-json\/wp\/v2\/posts\/18373","targetHints":{"allow":["GET"]}}],"collection":[{"href":"https:\/\/www.curteaveche.ro\/blog\/wp-json\/wp\/v2\/posts"}],"about":[{"href":"https:\/\/www.curteaveche.ro\/blog\/wp-json\/wp\/v2\/types\/post"}],"author":[{"embeddable":true,"href":"https:\/\/www.curteaveche.ro\/blog\/wp-json\/wp\/v2\/users\/1"}],"replies":[{"embeddable":true,"href":"https:\/\/www.curteaveche.ro\/blog\/wp-json\/wp\/v2\/comments?post=18373"}],"version-history":[{"count":0,"href":"https:\/\/www.curteaveche.ro\/blog\/wp-json\/wp\/v2\/posts\/18373\/revisions"}],"wp:featuredmedia":[{"embeddable":true,"href":"https:\/\/www.curteaveche.ro\/blog\/wp-json\/wp\/v2\/media\/18375"}],"wp:attachment":[{"href":"https:\/\/www.curteaveche.ro\/blog\/wp-json\/wp\/v2\/media?parent=18373"}],"wp:term":[{"taxonomy":"category","embeddable":true,"href":"https:\/\/www.curteaveche.ro\/blog\/wp-json\/wp\/v2\/categories?post=18373"},{"taxonomy":"post_tag","embeddable":true,"href":"https:\/\/www.curteaveche.ro\/blog\/wp-json\/wp\/v2\/tags?post=18373"}],"curies":[{"name":"wp","href":"https:\/\/api.w.org\/{rel}","templated":true}]}}