{"id":17739,"date":"2018-11-15T15:08:54","date_gmt":"2018-11-15T13:08:54","guid":{"rendered":"http:\/\/www.curteaveche.ro\/blog\/?p=17739"},"modified":"2018-11-15T15:13:54","modified_gmt":"2018-11-15T13:13:54","slug":"doua-noi-carti-de-iarna-din-colectia-povestile-cristinei-se-lanseaza-in-cadrul-unui-eveniment-caritabil","status":"publish","type":"post","link":"https:\/\/www.curteaveche.ro\/blog\/doua-noi-carti-de-iarna-din-colectia-povestile-cristinei-se-lanseaza-in-cadrul-unui-eveniment-caritabil\/","title":{"rendered":"Dou\u0103 noi c\u0103r\u021bi de iarn\u0103 din colec\u021bia Pove\u0219tile Cristinei se lanseaz\u0103 \u00een cadrul unui eveniment caritabil"},"content":{"rendered":"<p>Curtea Veche Publishing \u0219i Grand Cinema &amp; More v\u0103 invit\u0103 la un nou eveniment din seria Pove\u015ftile Cristinei. Duminica, 25 noiembrie 2018, de la ora 11:00 se lanseaz\u0103 dou\u0103 noi c\u0103r\u0163i de Cristina \u0219i Alex Donovici: \u201e\u0162up, salvatoarea iernii\u201d (ilustrat\u0103 de Stela Damaschin-Popa) \u0219i \u201eO iarn\u0103 de pove\u0219ti\u201d (cu ilustra\u0163ii de Annabella Orosz). Evenimentul va avea loc \u00een Sala Epika din Grand Cinema &amp; More (B\u0103neasa Shopping City), iar intrarea va fi pe baz\u0103 de dona\u0163ie minim\u0103. Toate dona\u0163iile merg c\u0103tre Asocia\u0163ia D\u0103ruie\u015fte Via\u0163a pentru construc\u0163ia primului spital de oncologie \u0219i radioterapie pentru copii din Rom\u00e2nia.<\/p>\n<p>Lansarea va cuprinde \u0219i o pies\u0103 de teatru pentru copii pus\u0103 \u00een scen\u0103 de trupa Teatropolis Junior. Printre invita\u0163i se vor num\u0103ra Andreea Bra\u015fovean, Alex Dima, Daniel Ni\u021boiu \u0219i Stela Damaschin-Popa.<\/p>\n<p>\u201e\u0162UP, salvatoarea iernii\u201d de Alex Donovici este continuarea volumului \u201e\u0162up. Imposibil e doar un cuv\u00e2nt\u201d. Simpatica cioc\u00e2rlie al\u0103turi de un melc sprinten, cu cochilia plin\u0103 de c\u0103r\u0163i, si o bufni\u021b\u0103 vegetarian\u0103, salveaz\u0103 \u00eempreun\u0103 p\u0103durea \u0219i aduc iarna. \u00cens\u0103 dincolo de povestea frumoasa a acestui miracol, scris\u0103 \u00eentr-un limbaj fermec\u0103tor \u0219i ilustrat\u0103 cu ingeniozitate de Stela Damaschin-Popa, cartea este o lec\u0163ie despre prietenie \u0219i toleran\u021b\u0103. Lumea nu e prezentat\u0103 din perspectiva oamenilor, ci din cea a animalelor, \u00eenv\u0103\u0163\u00e2nd astfel copiii s\u0103 empatizeze cu ele, s\u0103 se raporteze la ele ca la semenii lor, s\u0103 le pre\u0163uiasc\u0103 \u0219i s\u0103 le respecte pentru ceea ce sunt. Mai mult, povestea ne arat\u0103 cum s\u0103 nu judec\u0103m lucrurile dup\u0103 aparen\u021be, s\u0103 protej\u0103m \u0219i s\u0103 respect\u0103m natura.<\/p>\n<p>\u201eO iarn\u0103 de pove\u0219ti\u201d de Cristina \u0219i Alex Donovici este prima carte cu \u00eent\u00e2mplarea de iarna din seria Pove\u015ftile Cristinei. Dar personajele nu sunt cele pe care le-ai a\u015ftepta: fulgi de nea care viseaz\u0103 s\u0103 se topeasc\u0103 \u00een palma unui copil, \u00eengeri salva\u0163i din z\u0103pad\u0103 de feti\u0163e, copii plec\u0103\u021bi \u00een c\u0103utarea lui Mo\u015f Nicolae, elfi care ne d\u0103ruiesc Cr\u0103ciunul. Aceste povestiri prind via\u0163\u0103 prin ilustra\u0163iile Annabellei Orosz \u0219i provoac\u0103, f\u0103r\u0103 \u00eendoial\u0103 imagina\u0163ia celor mici. Sunt tot at\u00e2tea \u00eendemnuri adresate lor, prin vocile calde, pline de ac\u0163iune ale autorilor, la o atitudine deschisa si prietenoasa fata de ceilal\u0163i, la bun\u0103tate si generozitate.<\/p>\n<p>Cristina \u0219i Alex Donovici sunt creatorii fenomenului online PovestileCristinei.ro, care a pornit din dorin\u0163a de a-i d\u0103rui pove\u0219ti feti\u0163ei lor. Si apoi a crescut \u00een dorin\u0163a de a f\u0103uri pove\u0219ti pentru vremurile noastre, adaptate at\u00e2t pentru nevoile p\u0103rin\u0163ilor c\u00e2t \u0219i cele ale celor mici.<\/p>\n<p>Cele dou\u0103 c\u0103r\u0163i se vor lansa duminic\u0103, 25 noiembrie, ora 11:00 la Grand Cinema &amp; More, \u00een cadrul unui eveniment caritabil dedicat proiectului Bursa de Fericire. Al\u0103turi de autori vor vorbi jurnali\u015ftii Andreea Bra\u015fovean, Alex Dima \u0219i Daniel Ni\u021boiu, \u00eempreun\u0103 cu ilustratoarea Stela-Damaschin Popa. \u00cen cea de-a doua parte a lans\u0103rii trupa de teatru interactiv Teatropolis Junior vor pune \u00een scen\u0103 \u201eCadoul de Cr\u0103ciun\u201d dup\u0103 povestea cu acela\u015fi nume din \u201eO iarn\u0103 de pove\u0219ti\u201d. Din distribu\u0163ie vor face parte: Andreea Bra\u015fovean, Daniel Ni\u021boiu, Elena Vasilica, Sebastian Paul. Scenariu &amp; regie: Sebastian Paul. Spectacolul va fi acompaniat de muzic\u0103 live originala, compusa de Elena Vasilica. La chitar\u0103 vor interpreta Alexandru Nuca si Elie J. Haddad.<\/p>\n<p>Participarea la eveniment este pe baza de dona\u0163ie minim\u0103 pentru adul\u0163i si copiii de la 13 ani \u00een sus. Copiii p\u00e2n\u0103 \u00een 12 ani particip\u0103 gratuit. Toate dona\u0163iile merg direct c\u0103tre Asocia\u0163ia D\u0103ruie\u015fte Via\u0163a, pentru construc\u0163ia primului spital de Oncologie \u0219i Radioterapie pentru Copii din Rom\u00e2nia.<\/p>\n<p>\u00censcrierile la eveniment se pot face online AICI: http:\/\/bit.ly\/2TaY34P<\/p>\n<p>\u201e\u0162up. Salvatoarea iernii\u201d de Alex Donovici \u0219i \u201eO iarn\u0103 de pove\u0219ti\u201d de Cristina \u0219i Alex Donovici vor putea fi achizi\u0163ionate \u00een cadrul lans\u0103rii sau de pe curteaveche.ro.<br \/>\nCO-ORGANIZATOR EVENIMENT: Grand Cinema B\u0103neasa<\/p>\n<p>PARTENERI EVENIMENT: Teatropolis Junior, Asocia\u0163ia D\u0103ruie\u015fte Via\u0163a<\/p>\n<p>PARTENER MEDIA: Ce le citim copiilor<\/p>\n<p>PARTENER MONITORIZARE PRESA: Klarmedia<\/p>\n","protected":false},"excerpt":{"rendered":"<p>Curtea Veche Publishing \u0219i Grand Cinema &amp; More v\u0103 invit\u0103 la un nou eveniment din seria Pove\u015ftile Cristinei. Duminica, 25 noiembrie 2018, de la ora 11:00 se lanseaz\u0103 dou\u0103 noi c\u0103r\u0163i de Cristina \u0219i Alex Donovici: \u201e\u0162up, salvatoarea iernii\u201d (ilustrat\u0103 de Stela Damaschin-Popa) \u0219i \u201eO iarn\u0103 de pove\u0219ti\u201d (cu ilustra\u0163ii de Annabella Orosz). Evenimentul va&hellip;&nbsp;<a href=\"https:\/\/www.curteaveche.ro\/blog\/doua-noi-carti-de-iarna-din-colectia-povestile-cristinei-se-lanseaza-in-cadrul-unui-eveniment-caritabil\/\" rel=\"bookmark\"><span class=\"screen-reader-text\">Dou\u0103 noi c\u0103r\u021bi de iarn\u0103 din colec\u021bia Pove\u0219tile Cristinei se lanseaz\u0103 \u00een cadrul unui eveniment caritabil<\/span><\/a><\/p>\n","protected":false},"author":1,"featured_media":17741,"comment_status":"open","ping_status":"open","sticky":false,"template":"","format":"standard","meta":{"neve_meta_sidebar":"","neve_meta_container":"","neve_meta_enable_content_width":"","neve_meta_content_width":0,"neve_meta_title_alignment":"","neve_meta_author_avatar":"","neve_post_elements_order":"","neve_meta_disable_header":"","neve_meta_disable_footer":"","neve_meta_disable_title":"","footnotes":""},"categories":[8],"tags":[],"class_list":["post-17739","post","type-post","status-publish","format-standard","has-post-thumbnail","hentry","category-lansari"],"_links":{"self":[{"href":"https:\/\/www.curteaveche.ro\/blog\/wp-json\/wp\/v2\/posts\/17739","targetHints":{"allow":["GET"]}}],"collection":[{"href":"https:\/\/www.curteaveche.ro\/blog\/wp-json\/wp\/v2\/posts"}],"about":[{"href":"https:\/\/www.curteaveche.ro\/blog\/wp-json\/wp\/v2\/types\/post"}],"author":[{"embeddable":true,"href":"https:\/\/www.curteaveche.ro\/blog\/wp-json\/wp\/v2\/users\/1"}],"replies":[{"embeddable":true,"href":"https:\/\/www.curteaveche.ro\/blog\/wp-json\/wp\/v2\/comments?post=17739"}],"version-history":[{"count":0,"href":"https:\/\/www.curteaveche.ro\/blog\/wp-json\/wp\/v2\/posts\/17739\/revisions"}],"wp:featuredmedia":[{"embeddable":true,"href":"https:\/\/www.curteaveche.ro\/blog\/wp-json\/wp\/v2\/media\/17741"}],"wp:attachment":[{"href":"https:\/\/www.curteaveche.ro\/blog\/wp-json\/wp\/v2\/media?parent=17739"}],"wp:term":[{"taxonomy":"category","embeddable":true,"href":"https:\/\/www.curteaveche.ro\/blog\/wp-json\/wp\/v2\/categories?post=17739"},{"taxonomy":"post_tag","embeddable":true,"href":"https:\/\/www.curteaveche.ro\/blog\/wp-json\/wp\/v2\/tags?post=17739"}],"curies":[{"name":"wp","href":"https:\/\/api.w.org\/{rel}","templated":true}]}}