{"id":17135,"date":"2017-12-14T15:25:56","date_gmt":"2017-12-14T13:25:56","guid":{"rendered":"http:\/\/www.curteaveche.ro\/blog\/?p=17135"},"modified":"2017-12-14T16:27:37","modified_gmt":"2017-12-14T14:27:37","slug":"seria-isadora-moon-s-a-lansat-in-romania-printr-o-super-petrecere-pentru-copii","status":"publish","type":"post","link":"https:\/\/www.curteaveche.ro\/blog\/seria-isadora-moon-s-a-lansat-in-romania-printr-o-super-petrecere-pentru-copii\/","title":{"rendered":"Seria \u201eIsadora Moon\u201d s-a lansat \u00een Rom\u00e2nia printr-o super-petrecere pentru copii"},"content":{"rendered":"<p>&nbsp;<\/p>\n<p><img loading=\"lazy\" decoding=\"async\" class=\"aligncenter size-large wp-image-17142\" src=\"http:\/\/www.curteaveche.ro\/blog\/wp-content\/uploads\/2017\/12\/25074875_1825343444177731_4842121241226554054_o-1024x684.jpg\" alt=\"\" width=\"980\" height=\"655\" srcset=\"https:\/\/www.curteaveche.ro\/blog\/wp-content\/uploads\/2017\/12\/25074875_1825343444177731_4842121241226554054_o-1024x684.jpg 1024w, https:\/\/www.curteaveche.ro\/blog\/wp-content\/uploads\/2017\/12\/25074875_1825343444177731_4842121241226554054_o-300x200.jpg 300w, https:\/\/www.curteaveche.ro\/blog\/wp-content\/uploads\/2017\/12\/25074875_1825343444177731_4842121241226554054_o-768x513.jpg 768w, https:\/\/www.curteaveche.ro\/blog\/wp-content\/uploads\/2017\/12\/25074875_1825343444177731_4842121241226554054_o.jpg 2048w\" sizes=\"auto, (max-width: 980px) 100vw, 980px\" \/><\/p>\n<p><b>Curtea Veche Publishing a lansat s\u00e2mb\u0103t\u0103, 9 decembrie 2017, la POINT Art Hub, colec\u021bia de c\u0103r\u021bi av\u00e2nd-o \u00een prim-plan pe Isadora Moon, personajul jum\u0103tate vampir, jum\u0103tate z\u00e2n\u0103 creat de autoarea britanic\u0103 Harriet Muncaster.\u00a0<\/b><strong>Evenimentul\u00a0a fost sus\u021binut de <a href=\"http:\/\/cp.c-ij.com\/en\/index.html\">Canon Creative Park<\/a>.<\/strong><\/p>\n<p>Super-petrecerea a fost inspirat\u0103 de primele patru c\u0103r\u021bi din <a href=\"http:\/\/www.curteaveche.ro\/carti\/http-www-curteaveche-ro-carti-pachete-html\/pachet-isadora.html\">seria Isadora Moon<\/a>, acestea fiind deja traduse \u00een peste 19 limbi. Cei mici au fost invita\u021bi la un bal mascat tematic care a recreat atmosfera c\u0103r\u021bii &#8222;Isadora Moon \u00ee\u0219i serbeaz\u0103 ziua de na\u0219tere&#8221;.<\/p>\n<p>Copiii au venit costuma\u021bi \u00een prin\u021bese, vampiri sau z\u00e2ne \u0219i au putut s\u0103-\u0219i \u00eentregeasc\u0103 \u021binuta \u00een cabina de Make-Up Isadora Moon, unde asisten\u021bii simpaticului personaj i-au \u00eent\u00e2mpinat cu o sesiune de face-painting \u0219i costume de la <a href=\"http:\/\/paiata.ro\">Teatrul Paia\u021ba<\/a>. \u00cen plus, ei \u0219i-au putut confec\u021biona propria masc\u0103 tematic\u0103 cu sprijinul Canon Creative Park,\u00a0au f\u0103cut puzzle-uri, au r\u00e2s \u0219i au dansat pe muzic\u0103 z\u00e2no-vampireasc\u0103. Dup\u0103 ce au f\u0103cut fotografii la Canon Photo Corner, ei au intrat \u00een competi\u021bia pentru cel mai reu\u0219it costum inspirat de universul Isadorei.<\/p>\n<p><img loading=\"lazy\" decoding=\"async\" class=\"aligncenter size-large wp-image-17149\" src=\"http:\/\/www.curteaveche.ro\/blog\/wp-content\/uploads\/2017\/12\/24958809_1825343857511023_6048788110076566028_o-1024x684.jpg\" alt=\"\" width=\"980\" height=\"655\" srcset=\"https:\/\/www.curteaveche.ro\/blog\/wp-content\/uploads\/2017\/12\/24958809_1825343857511023_6048788110076566028_o-1024x684.jpg 1024w, https:\/\/www.curteaveche.ro\/blog\/wp-content\/uploads\/2017\/12\/24958809_1825343857511023_6048788110076566028_o-300x200.jpg 300w, https:\/\/www.curteaveche.ro\/blog\/wp-content\/uploads\/2017\/12\/24958809_1825343857511023_6048788110076566028_o-768x513.jpg 768w, https:\/\/www.curteaveche.ro\/blog\/wp-content\/uploads\/2017\/12\/24958809_1825343857511023_6048788110076566028_o.jpg 1600w\" sizes=\"auto, (max-width: 980px) 100vw, 980px\" \/><\/p>\n<p>Probabil cel mai frumos moment al petrecerii a fost video-conferin\u021ba cu autoarea <a href=\"https:\/\/www.facebook.com\/HarrietMuncasterIllustration\/\">Harriet Muncaster<\/a>, care a fost extrem de impresionat\u0103 de primirea c\u0103lduroas\u0103 \u0219i le-a povestit celor din sal\u0103 cum a creat-o pe Isadora, ce planuri de viitor are \u0219i ne-a dezv\u0103luit detalii despre noul volum \u00een care Isadora Moon intr\u0103 \u00een bucluc!<\/p>\n<p>Ziua a continuat cu un num\u0103r de magie realizat de cel mai premiat magician din Rom\u00e2nia \u2013 <a href=\"http:\/\/verdini.ro\/\">Verdini &#8211; <\/a>,\u00a0 jocuri interactive \u0219i sucuri delicioase pentru copii de la <a href=\"http:\/\/sloop.ro\">SLooP<\/a>, m\u00e2ncare de poveste preg\u0103tit\u0103 de Point ART HUB special pentru micile \u0219i micii z\u00e2ne \u0219i vampiri.<\/p>\n<p><img loading=\"lazy\" decoding=\"async\" class=\"aligncenter size-large wp-image-17141\" src=\"http:\/\/www.curteaveche.ro\/blog\/wp-content\/uploads\/2017\/12\/24958732_1825340317511377_2502550819642467190_o-1024x684.jpg\" alt=\"\" width=\"980\" height=\"655\" srcset=\"https:\/\/www.curteaveche.ro\/blog\/wp-content\/uploads\/2017\/12\/24958732_1825340317511377_2502550819642467190_o-1024x684.jpg 1024w, https:\/\/www.curteaveche.ro\/blog\/wp-content\/uploads\/2017\/12\/24958732_1825340317511377_2502550819642467190_o-300x200.jpg 300w, https:\/\/www.curteaveche.ro\/blog\/wp-content\/uploads\/2017\/12\/24958732_1825340317511377_2502550819642467190_o-768x513.jpg 768w, https:\/\/www.curteaveche.ro\/blog\/wp-content\/uploads\/2017\/12\/24958732_1825340317511377_2502550819642467190_o.jpg 2048w\" sizes=\"auto, (max-width: 980px) 100vw, 980px\" \/><\/p>\n<p><b>Isadora Moon<\/b> este special\u0103 pentru c\u0103 este diferit\u0103. Mama ei este z\u00e2n\u0103, iar t\u0103t\u0103l ei este vampir, deci Isadora a mo\u0219tenit c\u00e2te un pic din fiecare. Iube\u0219te noaptea, liliecii, \u0219i culoarea neagr\u0103, dar \u00eei place \u0219i s\u0103 se joace \u00een natur\u0103, unde \u00ee\u0219i folose\u0219te bagheta magic\u0103, \u0219i este o mare iubitoare de tot ce este roz. Al\u0103turi de Iepura\u0219ul Roz, c\u0103ruia \u00eei d\u0103 via\u021b\u0103 prin magie, Isadora v\u0103 invit\u0103 s\u0103 o urma\u021bi \u00een aventurile sale \u00een care se va \u00eent\u00e2lni cu vr\u0103jitori, sirene, stafii \u0219i dragoni.<\/p>\n<p><b>Harriet Muncaster<\/b> este autoarea \u0219i ilustratoarea seriei de c\u0103r\u021bi pentru copii Isadora Moon. Harriet a studiat arta la Norwich University College of Art \u0219i s-a specializat apoi cu un master \u00een ilustra\u021bie de carte pentru copii, perioad\u0103 \u00een care a fost laureat\u0103 a premiului MacMillan pentru proiectul s\u0103u de diplom\u0103. Prima carte a sa \u2013 \u201cI Am a Witch\u2019s Cat\u201d (\u201cPisica unei vr\u0103jitoare\u201d) \u2013 a fost lansat\u0103 \u00een 2014 \u0219i a primit premiul Blue Hen Book Award. Au urmat Happy Halloween Witch\u2019s Cat \u201eUn Halloween fericit cu Pisica Vr\u0103jitoarei\u201d \u00een 2015 \u0219i \u201eThe Biggest Smallest Christmas Present\u201d \u201eMicul-mare cadou de Cr\u0103ciun\u201d \u00een 2016 \u0219i apoi seria Isadora Moon.<\/p>\n<p><img loading=\"lazy\" decoding=\"async\" class=\"aligncenter size-large wp-image-17150\" src=\"http:\/\/www.curteaveche.ro\/blog\/wp-content\/uploads\/2017\/12\/25074851_1825340004178075_3550482267341913032_o-1024x684.jpg\" alt=\"\" width=\"980\" height=\"655\" srcset=\"https:\/\/www.curteaveche.ro\/blog\/wp-content\/uploads\/2017\/12\/25074851_1825340004178075_3550482267341913032_o-1024x684.jpg 1024w, https:\/\/www.curteaveche.ro\/blog\/wp-content\/uploads\/2017\/12\/25074851_1825340004178075_3550482267341913032_o-300x200.jpg 300w, https:\/\/www.curteaveche.ro\/blog\/wp-content\/uploads\/2017\/12\/25074851_1825340004178075_3550482267341913032_o-768x513.jpg 768w, https:\/\/www.curteaveche.ro\/blog\/wp-content\/uploads\/2017\/12\/25074851_1825340004178075_3550482267341913032_o.jpg 2048w\" sizes=\"auto, (max-width: 980px) 100vw, 980px\" \/><\/p>\n<p>Primele patru c\u0103r\u021bi din serie traduse \u00een rom\u00e2n\u0103 sunt: \u201eIsadora Moon merge la \u0219coal\u0103\u201d, \u201eIsadora Moon merge cu cortul\u201d, \u201eIsadora Moon merge la balet\u201d, \u201eIsadora Moon \u00ee\u0219i serbeaz\u0103 ziua de na\u0219tere\u201d.<\/p>\n<p><b>Seria Isadora Moon este disponibil\u0103 \u00een libr\u0103rii \u0219i pe <\/b><a href=\"http:\/\/www.curteaveche.ro\/catalogsearch\/result\/?q=isadora+moon&amp;order=relevance&amp;dir=asc\"><b>site-ul<\/b><\/a><b> Curtea Veche Publishing.<\/b><\/p>\n<p><b><i>Un eveniment sus\u021binut de <\/i><\/b><a href=\"https:\/\/business.facebook.com\/canonromania\/\"><b><i>Canon Romania<\/i><\/b><\/a><b><i>.<\/i><\/b><\/p>\n<p><b><i>Sucuri \u0219i distrac\u021bie asigurate de <\/i><\/b><a href=\"https:\/\/business.facebook.com\/SmutiSloop\/\"><b><i>SLooP<\/i><\/b><\/a><b><i>.<\/i><\/b><\/p>\n<p><b><i>Partener: <\/i><\/b><strong><em><a href=\"http:\/\/www.whatsthepoint.ro\/\">POINT Art Hub<\/a><\/em><\/strong><\/p>\n<p><b><i><img loading=\"lazy\" decoding=\"async\" class=\"aligncenter size-large wp-image-17154\" src=\"http:\/\/www.curteaveche.ro\/blog\/wp-content\/uploads\/2017\/12\/25073274_1825341627511246_222789366286986872_o-1024x684.jpg\" alt=\"\" width=\"980\" height=\"655\" srcset=\"https:\/\/www.curteaveche.ro\/blog\/wp-content\/uploads\/2017\/12\/25073274_1825341627511246_222789366286986872_o-1024x684.jpg 1024w, https:\/\/www.curteaveche.ro\/blog\/wp-content\/uploads\/2017\/12\/25073274_1825341627511246_222789366286986872_o-300x200.jpg 300w, https:\/\/www.curteaveche.ro\/blog\/wp-content\/uploads\/2017\/12\/25073274_1825341627511246_222789366286986872_o-768x513.jpg 768w, https:\/\/www.curteaveche.ro\/blog\/wp-content\/uploads\/2017\/12\/25073274_1825341627511246_222789366286986872_o.jpg 2048w\" sizes=\"auto, (max-width: 980px) 100vw, 980px\" \/><\/i><\/b><\/p>\n<p><b><i>Partener monitorizare pres\u0103: <\/i><\/b><a href=\"https:\/\/business.facebook.com\/KlarmediaCom\/\"><b><i>Klarmedia<\/i><\/b><\/a><\/p>\n<p>Mai multe fotografii <a href=\"https:\/\/www.facebook.com\/pg\/CurteaVechePublishing\/photos\/?tab=album&amp;album_id=1825334017512007\">aici<\/a>.<\/p>\n<p>Video de la booktuberii care au fost la superpetrecere g\u0103si\u021bi <a href=\"https:\/\/www.youtube.com\/watch?v=pD497-y7xAs\">aici<\/a> \u0219i <a href=\"https:\/\/www.youtube.com\/watch?v=Xsmb6xc-PUE\">aici<\/a>.<\/p>\n","protected":false},"excerpt":{"rendered":"<p>&nbsp; Curtea Veche Publishing a lansat s\u00e2mb\u0103t\u0103, 9 decembrie 2017, la POINT Art Hub, colec\u021bia de c\u0103r\u021bi av\u00e2nd-o \u00een prim-plan pe Isadora Moon, personajul jum\u0103tate vampir, jum\u0103tate z\u00e2n\u0103 creat de autoarea britanic\u0103 Harriet Muncaster.\u00a0Evenimentul\u00a0a fost sus\u021binut de Canon Creative Park. Super-petrecerea a fost inspirat\u0103 de primele patru c\u0103r\u021bi din seria Isadora Moon, acestea fiind deja&hellip;&nbsp;<a href=\"https:\/\/www.curteaveche.ro\/blog\/seria-isadora-moon-s-a-lansat-in-romania-printr-o-super-petrecere-pentru-copii\/\" rel=\"bookmark\"><span class=\"screen-reader-text\">Seria \u201eIsadora Moon\u201d s-a lansat \u00een Rom\u00e2nia printr-o super-petrecere pentru copii<\/span><\/a><\/p>\n","protected":false},"author":1,"featured_media":17142,"comment_status":"open","ping_status":"open","sticky":false,"template":"","format":"standard","meta":{"neve_meta_sidebar":"","neve_meta_container":"","neve_meta_enable_content_width":"","neve_meta_content_width":0,"neve_meta_title_alignment":"","neve_meta_author_avatar":"","neve_post_elements_order":"","neve_meta_disable_header":"","neve_meta_disable_footer":"","neve_meta_disable_title":"","footnotes":""},"categories":[7,8,1],"tags":[],"class_list":["post-17135","post","type-post","status-publish","format-standard","has-post-thumbnail","hentry","category-events","category-lansari","category-uncategorized"],"_links":{"self":[{"href":"https:\/\/www.curteaveche.ro\/blog\/wp-json\/wp\/v2\/posts\/17135","targetHints":{"allow":["GET"]}}],"collection":[{"href":"https:\/\/www.curteaveche.ro\/blog\/wp-json\/wp\/v2\/posts"}],"about":[{"href":"https:\/\/www.curteaveche.ro\/blog\/wp-json\/wp\/v2\/types\/post"}],"author":[{"embeddable":true,"href":"https:\/\/www.curteaveche.ro\/blog\/wp-json\/wp\/v2\/users\/1"}],"replies":[{"embeddable":true,"href":"https:\/\/www.curteaveche.ro\/blog\/wp-json\/wp\/v2\/comments?post=17135"}],"version-history":[{"count":0,"href":"https:\/\/www.curteaveche.ro\/blog\/wp-json\/wp\/v2\/posts\/17135\/revisions"}],"wp:featuredmedia":[{"embeddable":true,"href":"https:\/\/www.curteaveche.ro\/blog\/wp-json\/wp\/v2\/media\/17142"}],"wp:attachment":[{"href":"https:\/\/www.curteaveche.ro\/blog\/wp-json\/wp\/v2\/media?parent=17135"}],"wp:term":[{"taxonomy":"category","embeddable":true,"href":"https:\/\/www.curteaveche.ro\/blog\/wp-json\/wp\/v2\/categories?post=17135"},{"taxonomy":"post_tag","embeddable":true,"href":"https:\/\/www.curteaveche.ro\/blog\/wp-json\/wp\/v2\/tags?post=17135"}],"curies":[{"name":"wp","href":"https:\/\/api.w.org\/{rel}","templated":true}]}}