{"id":16972,"date":"2017-10-24T13:01:28","date_gmt":"2017-10-24T11:01:28","guid":{"rendered":"http:\/\/www.curteaveche.ro\/blog\/?p=16972"},"modified":"2017-10-29T13:05:09","modified_gmt":"2017-10-29T11:05:09","slug":"asr-principele-radu-al-romaniei-dubla-lansare-de-carte-regala-la-focsani","status":"publish","type":"post","link":"https:\/\/www.curteaveche.ro\/blog\/asr-principele-radu-al-romaniei-dubla-lansare-de-carte-regala-la-focsani\/","title":{"rendered":"ASR Principele Radu al Rom\u00e2niei &#8211; dubl\u0103 lansare de carte regal\u0103 la Foc\u0219ani"},"content":{"rendered":"<p><strong><img loading=\"lazy\" decoding=\"async\" class=\"aligncenter size-large wp-image-16974\" src=\"http:\/\/www.curteaveche.ro\/blog\/wp-content\/uploads\/2017\/10\/Cover-Lansare-regala-Focsani-1024x583.jpg\" alt=\"\" width=\"980\" height=\"558\" srcset=\"https:\/\/www.curteaveche.ro\/blog\/wp-content\/uploads\/2017\/10\/Cover-Lansare-regala-Focsani-1024x583.jpg 1024w, https:\/\/www.curteaveche.ro\/blog\/wp-content\/uploads\/2017\/10\/Cover-Lansare-regala-Focsani-300x171.jpg 300w, https:\/\/www.curteaveche.ro\/blog\/wp-content\/uploads\/2017\/10\/Cover-Lansare-regala-Focsani-768x437.jpg 768w, https:\/\/www.curteaveche.ro\/blog\/wp-content\/uploads\/2017\/10\/Cover-Lansare-regala-Focsani.jpg 1600w\" sizes=\"auto, (max-width: 980px) 100vw, 980px\" \/>Curtea Veche Publishing \u0219i Muzeul Unirii din Foc\u015fani v\u0103 invit\u0103 joi, 26 octombrie 2017, \u00eencep\u00e2nd cu ora 13.45, la o dubl\u0103 lansare de carte regal\u0103. Alte\u021ba Sa Regal\u0103 Principele Radu al Rom\u00e2niei, al\u0103turi de doamna Ir\u00e9n Arsene M\u00e1t\u00e9, directoarea general\u0103 a editurii Curtea Veche, vor prezenta albumul \u201ePovestea Castelului Pele\u015f\u201d, scris de ASR Principele Radu al Rom\u00e2niei, \u015fi volumul regal pentru copii \u0219i tineri \u201eMargareta a Rom\u00e2niei. O Principes\u0103 \u00een serviciul \u0163\u0103rii reg\u0103site\u201d, de Adrian Cioroianu \u0219i cu ilustra\u021bii de Yanna Zosmer. Oficiile de gazd\u0103 vor fi f\u0103cute de Prof. Dr. Horia Dumitrescu, directorul muzeului. Lansarea va fi g\u0103zduit\u0103 de Muzeul Unirii din Foc\u015fani (Str. Cuza Vod\u0103 nr. 21).<\/strong><\/p>\n<p>Citind <a href=\"http:\/\/www.curteaveche.ro\/carti\/noi-aparitii\/margareta-a-romaniei.html\" target=\"_blank\" rel=\"noopener noreferrer\">\u201eMargareta a Rom\u00e2niei. O Principes\u0103 \u00een serviciul \u0163\u0103rii reg\u0103site\u201d<\/a> scris\u0103 de Adrian Cioroianu \u0219i ilustrat\u0103 de Yanna Zosmer, cei mici vor descoperi c\u0103 nu toate familiile regale sunt la fel \u015fi c\u0103 destinul ASR Principesa Margareta nu seam\u0103n\u0103 cu via\u0163a de basm a altor prin\u0163i \u015fi prin\u0163ese, de\u015fi p\u0103rin\u0163ii s\u0103i erau capete \u00eencoronate. \u00cen anul na\u015fterii sale, regele Mihai \u015fi regina Ana tr\u0103iau \u00een exil, fiind nevoi\u0163i s\u0103 r\u0103m\u00e2n\u0103 departe de \u0163ara lor. Copiii vor avea pl\u0103cuta surpriz\u0103 de a descoperi o mic\u0103 principes\u0103 c\u0103reia \u00eei pl\u0103cea s\u0103 hoin\u0103reasc\u0103 cu bicicleta sa ro\u015fie, s\u0103 se joace cu surorile sale mai mici, Elena, Irina, Sofia \u015fi Maria \u015fi care credea c\u0103 toate reginele dau de m\u00e2ncare g\u0103inilor \u015fi merg la pia\u021b\u0103 s\u0103 v\u00e2nd\u0103 produse din gr\u0103din\u0103! Principesa a crescut p\u0103str\u00e2ndu-\u015fi firea pozitiv\u0103, principiile de via\u0163\u0103 \u015fi \u00eencrederea ne\u0219tirbit\u0103 \u00een valorile morale. Povestea destinului s\u0103u este o adev\u0103rat\u0103 lec\u0163ie de via\u0163\u0103: \u015fi-a iubit p\u0103rin\u0163ii \u015fi bunicii, a \u00eenv\u0103\u0163at mai multe limbi \u015fi a c\u0103l\u0103torit \u00een \u00eentreaga lume, \u00eenainte de a-\u015fi reg\u0103si propria \u0163ar\u0103, Rom\u00e2nia, t\u0103r\u00e2mul fermecat despre care i se povestise \u00eentreaga via\u0163\u0103.<\/p>\n<p>\u00cen <a href=\"http:\/\/www.curteaveche.ro\/povestea-castelului-pele.html\" target=\"_blank\" rel=\"noopener noreferrer\">\u201ePovestea Castelului Pele\u0219\u201d<\/a>, ASR Principele Radu al Rom\u00e2niei prezint\u0103 aceast\u0103 capodoper\u0103 a arhitecturii secolului al XIX-lea. O adev\u0103rat\u0103 galerie, \u00een care se reunesc mari curente \u0219i tendin\u0163e din pictur\u0103, sculptur\u0103 \u0219i artele decorative. Un loc \u00eenc\u0103rcat de istorie, care a g\u0103zduit capete \u00eencoronate \u0219i arti\u0219ti vizionari. Re\u0219edin\u0163\u0103 a creatorului Rom\u00e2niei moderne, Regele Carol I, Castelul Pele\u0219 este expresia ultim\u0103 a dorin\u0163ei de afirmare \u0219i legitimare a poporului rom\u00e2n \u00eentre na\u0163iunile moderne ale Europei. Cum orice castel are o poveste, se cuvenea s\u0103 aib\u0103 \u0219i Pele\u0219ul una, iar aceasta este dezv\u0103luit\u0103 chiar de unul dintre membrii Familiei Regale. Erudit\u0103, minu\u0163ioas\u0103, adeseori inedit\u0103, superb ilustrat\u0103, \u201ePovestea Castelului Pele\u0219\u201d este cea mai izbutit\u0103 monografie de p\u00e2n\u0103 acum a acestui fascinant \u0219i glorios simbol al Rom\u00e2niei.<\/p>\n<p>Volumele \u201eMargareta a Rom\u00e2niei. O Principes\u0103 \u00een serviciul \u0163\u0103rii reg\u0103site\u201d \u015fi \u201ePovestea Castelului Pele\u015f\u201d sunt disponibile <a href=\"http:\/\/www.curteaveche.ro\/\" target=\"_blank\" rel=\"noopener noreferrer\">pe site-ul Curtea Veche Publishing<\/a> \u0219i \u00een libr\u0103riile din \u021bar\u0103.<\/p>\n<p><strong>Partener monitorizare de pres\u0103:<\/strong> Klarmedia<\/p>\n","protected":false},"excerpt":{"rendered":"<p>Curtea Veche Publishing \u0219i Muzeul Unirii din Foc\u015fani v\u0103 invit\u0103 joi, 26 octombrie 2017, \u00eencep\u00e2nd cu ora 13.45, la o dubl\u0103 lansare de carte regal\u0103. Alte\u021ba Sa Regal\u0103 Principele Radu al Rom\u00e2niei, al\u0103turi de doamna Ir\u00e9n Arsene M\u00e1t\u00e9, directoarea general\u0103 a editurii Curtea Veche, vor prezenta albumul \u201ePovestea Castelului Pele\u015f\u201d, scris de ASR Principele Radu&hellip;&nbsp;<a href=\"https:\/\/www.curteaveche.ro\/blog\/asr-principele-radu-al-romaniei-dubla-lansare-de-carte-regala-la-focsani\/\" rel=\"bookmark\"><span class=\"screen-reader-text\">ASR Principele Radu al Rom\u00e2niei &#8211; dubl\u0103 lansare de carte regal\u0103 la Foc\u0219ani<\/span><\/a><\/p>\n","protected":false},"author":1,"featured_media":16974,"comment_status":"open","ping_status":"open","sticky":false,"template":"","format":"standard","meta":{"neve_meta_sidebar":"","neve_meta_container":"","neve_meta_enable_content_width":"","neve_meta_content_width":0,"neve_meta_title_alignment":"","neve_meta_author_avatar":"","neve_post_elements_order":"","neve_meta_disable_header":"","neve_meta_disable_footer":"","neve_meta_disable_title":"","footnotes":""},"categories":[8],"tags":[],"class_list":["post-16972","post","type-post","status-publish","format-standard","has-post-thumbnail","hentry","category-lansari"],"_links":{"self":[{"href":"https:\/\/www.curteaveche.ro\/blog\/wp-json\/wp\/v2\/posts\/16972","targetHints":{"allow":["GET"]}}],"collection":[{"href":"https:\/\/www.curteaveche.ro\/blog\/wp-json\/wp\/v2\/posts"}],"about":[{"href":"https:\/\/www.curteaveche.ro\/blog\/wp-json\/wp\/v2\/types\/post"}],"author":[{"embeddable":true,"href":"https:\/\/www.curteaveche.ro\/blog\/wp-json\/wp\/v2\/users\/1"}],"replies":[{"embeddable":true,"href":"https:\/\/www.curteaveche.ro\/blog\/wp-json\/wp\/v2\/comments?post=16972"}],"version-history":[{"count":0,"href":"https:\/\/www.curteaveche.ro\/blog\/wp-json\/wp\/v2\/posts\/16972\/revisions"}],"wp:featuredmedia":[{"embeddable":true,"href":"https:\/\/www.curteaveche.ro\/blog\/wp-json\/wp\/v2\/media\/16974"}],"wp:attachment":[{"href":"https:\/\/www.curteaveche.ro\/blog\/wp-json\/wp\/v2\/media?parent=16972"}],"wp:term":[{"taxonomy":"category","embeddable":true,"href":"https:\/\/www.curteaveche.ro\/blog\/wp-json\/wp\/v2\/categories?post=16972"},{"taxonomy":"post_tag","embeddable":true,"href":"https:\/\/www.curteaveche.ro\/blog\/wp-json\/wp\/v2\/tags?post=16972"}],"curies":[{"name":"wp","href":"https:\/\/api.w.org\/{rel}","templated":true}]}}