{"id":16325,"date":"2017-03-08T16:03:21","date_gmt":"2017-03-08T14:03:21","guid":{"rendered":"http:\/\/www.curteaveche.ro\/blog\/?p=16325"},"modified":"2017-03-13T11:40:36","modified_gmt":"2017-03-13T09:40:36","slug":"incepe-cea-de-a-12-a-editie-raw-generation-expo","status":"publish","type":"post","link":"https:\/\/www.curteaveche.ro\/blog\/incepe-cea-de-a-12-a-editie-raw-generation-expo\/","title":{"rendered":"\u00cencepe cea de-a 12-a edi\u021bie Raw Generation Expo"},"content":{"rendered":"<p>Sunte\u021bi adep\u021bii unei alimenta\u021bii raw vegane sau dori\u021bi s\u0103 afla\u021bi mai multe despre aceasta? Dac\u0103 r\u0103spunsul este unul afirmativ, v\u0103 invit\u0103m s\u0103 lua\u021bi parte la <a href=\"http:\/\/rawgenerationexpo.com\/\">Raw Generation Expo<\/a>, cel mai mare eveniment din \u021bar\u0103 bazat pe documentarea \u0219i promovarea unui stil de via\u021b\u0103 raw vegan.<br \/>\n\u00cen cadrul edi\u021biei cu num\u0103rul doisprezece\u00a0a Expozi\u021biei Na\u021bionale Raw Generation ave\u021bi ocazia s\u0103 afla\u021bi multe lucruri interesante \u0219i utile despre \u00eengrijirea s\u0103n\u0103t\u0103\u021bii, despre alimenta\u021bia s\u0103n\u0103toas\u0103 \u0219i raw vegan\u0103 din cadrul atelierelor, dar \u0219i din c\u0103r\u021bile semnate de Ligia Pop, pe care le pute\u021bi g\u0103si la\u00a0standul Curtea Veche Publishing. Printre acestea amintim <em><a href=\"http:\/\/www.curteaveche.ro\/germeni-si-vlastari.html\">Germeni \u0219i vl\u0103stari<\/a><\/em>, <em><a href=\"http:\/\/www.curteaveche.ro\/retete-vegane-fara-foc-edv-ligia-pop.html\">Re\u021bete\u00a0vegane f\u0103r\u0103 foc<\/a><\/em> (laureat a Gourmand World Cookbook Awards) \u0219i ultimul titlu semnat de autoare, <em><a href=\"http:\/\/www.curteaveche.ro\/jurnal-de-sarcina-2134.html\">Jurnal de sarcin\u0103<\/a><\/em>. Aceasta din urm\u0103 este o carte dedicat\u0103 tuturor femeilor, fie c\u0103 vorbim aici de cele vegetariene, vegane sau raw vegane, care doresc s\u0103 introduc\u0103, pe l\u00e2ng\u0103 alimenta\u021bia tradi\u021bional\u0103, \u0219i surse vegetale de nutrien\u021bi complec\u0219i, oferindu-le totodat\u0103 sfaturi care s\u0103 le faciliteze sarcina \u0219i na\u0219terea.<\/p>\n<p>&nbsp;<\/p>\n<p><img loading=\"lazy\" decoding=\"async\" class=\"aligncenter size-full wp-image-16327\" src=\"http:\/\/www.curteaveche.ro\/blog\/wp-content\/uploads\/2017\/03\/RGE-Facebook-Header-1.png\" alt=\"\" width=\"1200\" height=\"444\" srcset=\"https:\/\/www.curteaveche.ro\/blog\/wp-content\/uploads\/2017\/03\/RGE-Facebook-Header-1.png 1200w, https:\/\/www.curteaveche.ro\/blog\/wp-content\/uploads\/2017\/03\/RGE-Facebook-Header-1-300x111.png 300w, https:\/\/www.curteaveche.ro\/blog\/wp-content\/uploads\/2017\/03\/RGE-Facebook-Header-1-768x284.png 768w, https:\/\/www.curteaveche.ro\/blog\/wp-content\/uploads\/2017\/03\/RGE-Facebook-Header-1-1024x379.png 1024w\" sizes=\"auto, (max-width: 1200px) 100vw, 1200px\" \/><\/p>\n<p>Evenimentul organizat de Ligia Pop, raw food chef \u0219i Romexpo \u00een parteneriat cu Camerele de Comer\u021b \u0219i Industrie \u00een Rom\u00e2nia, va avea loc \u00eentre 11-12 martie, la Romexpo, \u00een pavilonul C6. Expozi\u021bia va dura dou\u0103 zile \u0219i va fi deschis\u0103 publicului \u00eentre orele 10:00-19:00 \u00een ambele zile.<\/p>\n<p>&nbsp;<\/p>\n<p>Intrarea la eveniment se face prin achitarea unei taxe de intrare \u00een valoare de 5 lei, la intrarea \u00een Pavilionul C6.<br \/>\nMai multe detalii pute\u021bi afla aici: http:\/\/rawgenerationexpo.com\/<\/p>\n","protected":false},"excerpt":{"rendered":"<p>Sunte\u021bi adep\u021bii unei alimenta\u021bii raw vegane sau dori\u021bi s\u0103 afla\u021bi mai multe despre aceasta? Dac\u0103 r\u0103spunsul este unul afirmativ, v\u0103 invit\u0103m s\u0103 lua\u021bi parte la Raw Generation Expo, cel mai mare eveniment din \u021bar\u0103 bazat pe documentarea \u0219i promovarea unui stil de via\u021b\u0103 raw vegan. \u00cen cadrul edi\u021biei cu num\u0103rul doisprezece\u00a0a Expozi\u021biei Na\u021bionale Raw Generation&hellip;&nbsp;<a href=\"https:\/\/www.curteaveche.ro\/blog\/incepe-cea-de-a-12-a-editie-raw-generation-expo\/\" rel=\"bookmark\"><span class=\"screen-reader-text\">\u00cencepe cea de-a 12-a edi\u021bie Raw Generation Expo<\/span><\/a><\/p>\n","protected":false},"author":1,"featured_media":16327,"comment_status":"open","ping_status":"open","sticky":false,"template":"","format":"standard","meta":{"neve_meta_sidebar":"","neve_meta_container":"","neve_meta_enable_content_width":"","neve_meta_content_width":0,"neve_meta_title_alignment":"","neve_meta_author_avatar":"","neve_post_elements_order":"","neve_meta_disable_header":"","neve_meta_disable_footer":"","neve_meta_disable_title":"","footnotes":""},"categories":[5],"tags":[65,4489,4491,577,2025,4529,2026,2123,2030],"class_list":["post-16325","post","type-post","status-publish","format-standard","has-post-thumbnail","hentry","category-guest-posts","tag-alimentatie-corecta","tag-carte","tag-curtea-veche-publishing","tag-editura","tag-ligia-pop","tag-raw","tag-raw-generation-expo","tag-raw-vegan","tag-vegan"],"_links":{"self":[{"href":"https:\/\/www.curteaveche.ro\/blog\/wp-json\/wp\/v2\/posts\/16325","targetHints":{"allow":["GET"]}}],"collection":[{"href":"https:\/\/www.curteaveche.ro\/blog\/wp-json\/wp\/v2\/posts"}],"about":[{"href":"https:\/\/www.curteaveche.ro\/blog\/wp-json\/wp\/v2\/types\/post"}],"author":[{"embeddable":true,"href":"https:\/\/www.curteaveche.ro\/blog\/wp-json\/wp\/v2\/users\/1"}],"replies":[{"embeddable":true,"href":"https:\/\/www.curteaveche.ro\/blog\/wp-json\/wp\/v2\/comments?post=16325"}],"version-history":[{"count":0,"href":"https:\/\/www.curteaveche.ro\/blog\/wp-json\/wp\/v2\/posts\/16325\/revisions"}],"wp:featuredmedia":[{"embeddable":true,"href":"https:\/\/www.curteaveche.ro\/blog\/wp-json\/wp\/v2\/media\/16327"}],"wp:attachment":[{"href":"https:\/\/www.curteaveche.ro\/blog\/wp-json\/wp\/v2\/media?parent=16325"}],"wp:term":[{"taxonomy":"category","embeddable":true,"href":"https:\/\/www.curteaveche.ro\/blog\/wp-json\/wp\/v2\/categories?post=16325"},{"taxonomy":"post_tag","embeddable":true,"href":"https:\/\/www.curteaveche.ro\/blog\/wp-json\/wp\/v2\/tags?post=16325"}],"curies":[{"name":"wp","href":"https:\/\/api.w.org\/{rel}","templated":true}]}}