{"id":16285,"date":"2017-03-02T12:28:09","date_gmt":"2017-03-02T10:28:09","guid":{"rendered":"http:\/\/www.curteaveche.ro\/blog\/?p=16285"},"modified":"2017-03-02T13:13:45","modified_gmt":"2017-03-02T11:13:45","slug":"rezist-proteste-impotriva-oug-132017-albumul-care-documenteaza-cel-mai-mare-protest-din-istoria-postdecembrista","status":"publish","type":"post","link":"https:\/\/www.curteaveche.ro\/blog\/rezist-proteste-impotriva-oug-132017-albumul-care-documenteaza-cel-mai-mare-protest-din-istoria-postdecembrista\/","title":{"rendered":"#rezist. Proteste \u00eempotriva OUG 13\/2017, albumul care documenteaz\u0103 cel mai mare protest din istoria postdecembrist\u0103"},"content":{"rendered":"<p><strong>Curtea Veche Publishing anun\u021b\u0103 apari\u021bia c\u0103r\u021bii care documenteaz\u0103 cel mai mare protest din istoria postdecembrist\u0103 a Rom\u00e2niei. Albumul <\/strong><strong><a href=\"http:\/\/www.curteaveche.ro\/carti\/noi-aparitii\/rezist-proteste-impotriva-oug-13-2017.html\">\u201c#rezist. Proteste \u00eempotriva OUG 13\/2017<\/a><\/strong><strong>\u201d, realizat cu sprijinul oferit de numero\u0219i fotografi din \u021bar\u0103 \u0219i din str\u0103in\u0103tate, de importan\u021bi jurnali\u0219ti, anali\u0219ti \u0219i oameni de cultur\u0103, este disponibil \u00eencep\u00e2nd cu data de 2 martie 2017.<\/strong><\/p>\n<p><img loading=\"lazy\" decoding=\"async\" class=\"wp-image-16287 alignleft\" src=\"http:\/\/www.curteaveche.ro\/blog\/wp-content\/uploads\/2017\/03\/Rezist_mockup.jpg\" width=\"400\" height=\"416\" srcset=\"https:\/\/www.curteaveche.ro\/blog\/wp-content\/uploads\/2017\/03\/Rezist_mockup.jpg 881w, https:\/\/www.curteaveche.ro\/blog\/wp-content\/uploads\/2017\/03\/Rezist_mockup-288x300.jpg 288w, https:\/\/www.curteaveche.ro\/blog\/wp-content\/uploads\/2017\/03\/Rezist_mockup-768x799.jpg 768w\" sizes=\"auto, (max-width: 400px) 100vw, 400px\" \/><\/p>\n<p>\u201cNecesitatea arhiv\u0103rii acestor imagini, mesaje \u015fi opinii este dincolo de orice \u00eendoial\u0103. Cunoa\u015fterea istoriei nu ar fi posibil\u0103 \u00een absen\u0163a unui suport material care s\u0103 p\u0103streze vie memoria celor \u00eent\u00e2mplate. Am considerat c\u0103 apari\u0163ia acestui album trebuie s\u0103 urmeze c\u00e2t mai repede evenimentelor petrecute \u00een ianuarie \u015fi februarie, la Bucure\u015fti \u015fi \u00een alte ora\u015fe din \u0163ar\u0103, ba chiar \u00een diaspora, pentru a surprinde autenticitatea extraordinarei st\u0103ri de spirit a celor mai ample manifesta\u0163ii postdecembriste. Genera\u0163iile viitoare au nevoie de asemenea m\u0103rturii, deoarece astfel se vor putea raporta la aceste evenimente ca la un moment constitutiv al istoriei lor\u201d, declar\u0103 Iren Arsene, director general Curtea Veche Publishing.<\/p>\n<p>Textele cuprinse \u00een carte sunt semnate de Vintil\u0103 Mih\u0103ilescu, Andrei Oi\u0219teanu, Paula Herlo, Mircea Toma, Drago\u0219 Bucurenci, Ioana Popescu, Liviu Papadima \u0219i Cristian \u0218imonca. \u00cen aproape 200 de pagini \u0219i 150 de fotografii, cartea documenteaz\u0103 protestele care au avut loc at\u00e2t \u00een Rom\u00e2nia, la Bucure\u0219ti, Sibiu, Ia\u0219i sau la Cluj, c\u00e2t \u0219i \u00een diaspora. Mesajele din timpul protestelor, irepetabile, intransigente, oneste, inteligente, subtile, de un umor irezistibil, arat\u0103 c\u0103 ne-am desp\u0103r\u021bit, pentru totdeauna, de vremurile \u00een care, la demonstra\u021bii, se agitau mesaje scrise de al\u021bii cu litere albe lipite pe un fundal de p\u00e2nz\u0103 ro\u0219ie. Adunate \u00eentr-o carte, ele devin ni\u0219te instantanee din 2017, care le arat\u0103 scepticilor c\u0103 o nou\u0103 genera\u021bie de cet\u0103\u021beni manifest\u0103 altfel dec\u00e2t se f\u0103cea, cu \u00eend\u00e2rjire, naivitate \u0219i chiar cu ur\u0103, la \u00eenceputul anilor 1990.<\/p>\n<figure id=\"attachment_16288\" aria-describedby=\"caption-attachment-16288\" style=\"width: 1200px\" class=\"wp-caption aligncenter\"><img loading=\"lazy\" decoding=\"async\" class=\"size-full wp-image-16288\" src=\"http:\/\/www.curteaveche.ro\/blog\/wp-content\/uploads\/2017\/03\/Credit-foto_Catalin-Georgescu.jpg\" alt=\"\" width=\"1200\" height=\"800\" srcset=\"https:\/\/www.curteaveche.ro\/blog\/wp-content\/uploads\/2017\/03\/Credit-foto_Catalin-Georgescu.jpg 1200w, https:\/\/www.curteaveche.ro\/blog\/wp-content\/uploads\/2017\/03\/Credit-foto_Catalin-Georgescu-300x200.jpg 300w, https:\/\/www.curteaveche.ro\/blog\/wp-content\/uploads\/2017\/03\/Credit-foto_Catalin-Georgescu-768x512.jpg 768w, https:\/\/www.curteaveche.ro\/blog\/wp-content\/uploads\/2017\/03\/Credit-foto_Catalin-Georgescu-1024x683.jpg 1024w\" sizes=\"auto, (max-width: 1200px) 100vw, 1200px\" \/><figcaption id=\"caption-attachment-16288\" class=\"wp-caption-text\">Credit foto: C\u0103t\u0103lin Georgescu<\/figcaption><\/figure>\n<p>\u201eC\u00e2nd am ajuns \u00een Pia\u021ba Victoriei, mi-am dat seama c\u0103 acolo se adunaser\u0103 sute de mii de pove\u0219ti. Fiecare om adusese cu el revolta ultimilor 27 de ani pe care, sub o form\u0103 sau alta, \u0219i-o striga acum \u00een strad\u0103.\u201c<\/p>\n<p>(Paula Herlo)<\/p>\n<p>\u201eAcum, vechii golani au nepo\u021bi, tinerii din 2012, cei &lt;&lt;indigna\u021bi&gt;&gt; de Ro\u0219ia Montan\u0103 din 2013 sunt famili\u0219ti. S-au maturizat cu to\u021bii \u0219i \u0219i-au construit o cultur\u0103 coerent\u0103 a revoltei, care nu se mai uit\u0103, care nu mai este reversibil\u0103. O nou\u0103 genera\u021bie, vizibil\u0103 pe multiple planuri, a capitalizat aceste experien\u021be \u0219i a \u00eenv\u0103\u021bat s\u0103 le exprime, solidar. Creativitatea este o tr\u0103s\u0103tur\u0103 definitorie a acestei culturi.\u201c<\/p>\n<p>(Vintil\u0103 Mih\u0103ilescu)<\/p>\n<p>Fotografii care au contribuit la aceast\u0103 carte sunt C\u0103lin Ardeleanu, Vitalie Brega, Drago\u0219 Bucurenci, Adi Bulboac\u0103, Alexandra Marta\/Am\u00e9liegraphie, Eli Driu, Andrei D\u0103sc\u0103lescu, Dacian Foldi, C\u0103t\u0103lin Georgescu, Dora Marian, Drago\u0219 \u0218tefan M\u0103ntoiu, Ilie Micu\u021b-Istrate, Anda Ignat, Ovidiu Moisin, Barna N\u00e9methi, Cristian Pan\u021bu\u0219, Cristian P\u0103un, Alexandru Socol, Cristian Tudose, Alexandru Urda\u0219, Cristian Vasile. De asemenea, Agen\u021bia Na\u021bional\u0103 de Pres\u0103 Agerpres a sprijinit realizarea acestui volum pun\u00e2nd la dispozi\u021bie fotografii realizate de Adrian Cuba, Constantin Duma, Silviu Matei, Simion Mechno, Alex Micsik, Cristian Nistor, Isabela Paulescu, Grigore Popescu, Radu Tu\u021b\u0103.<\/p>\n<figure id=\"attachment_16289\" aria-describedby=\"caption-attachment-16289\" style=\"width: 1024px\" class=\"wp-caption aligncenter\"><img loading=\"lazy\" decoding=\"async\" class=\"size-full wp-image-16289\" src=\"http:\/\/www.curteaveche.ro\/blog\/wp-content\/uploads\/2017\/03\/Credit-foto_Dragos-Bucurenci_s.jpg\" alt=\"\" width=\"1024\" height=\"768\" srcset=\"https:\/\/www.curteaveche.ro\/blog\/wp-content\/uploads\/2017\/03\/Credit-foto_Dragos-Bucurenci_s.jpg 1024w, https:\/\/www.curteaveche.ro\/blog\/wp-content\/uploads\/2017\/03\/Credit-foto_Dragos-Bucurenci_s-300x225.jpg 300w, https:\/\/www.curteaveche.ro\/blog\/wp-content\/uploads\/2017\/03\/Credit-foto_Dragos-Bucurenci_s-768x576.jpg 768w\" sizes=\"auto, (max-width: 1024px) 100vw, 1024px\" \/><figcaption id=\"caption-attachment-16289\" class=\"wp-caption-text\">Credit foto: Drago\u0219 Bucurenci<\/figcaption><\/figure>\n<p><img loading=\"lazy\" decoding=\"async\" class=\"size-full wp-image-16290\" src=\"http:\/\/www.curteaveche.ro\/blog\/wp-content\/uploads\/2017\/03\/Timisoara_credit-foto_Anda-Ignat_s.jpg\" alt=\"\" width=\"1181\" height=\"789\" srcset=\"https:\/\/www.curteaveche.ro\/blog\/wp-content\/uploads\/2017\/03\/Timisoara_credit-foto_Anda-Ignat_s.jpg 1181w, https:\/\/www.curteaveche.ro\/blog\/wp-content\/uploads\/2017\/03\/Timisoara_credit-foto_Anda-Ignat_s-300x200.jpg 300w, https:\/\/www.curteaveche.ro\/blog\/wp-content\/uploads\/2017\/03\/Timisoara_credit-foto_Anda-Ignat_s-768x513.jpg 768w, https:\/\/www.curteaveche.ro\/blog\/wp-content\/uploads\/2017\/03\/Timisoara_credit-foto_Anda-Ignat_s-1024x684.jpg 1024w\" sizes=\"auto, (max-width: 1181px) 100vw, 1181px\" \/><\/p>\n<p>Credit foto: Anda Ignat<\/p>\n<p>Fiind un demers civic, profitul rezultat din v\u00e2nzarea c\u0103r\u021bii va fi donat de Curtea Veche Publishing organiza\u021biei nonguvernamentale <strong>Funky Citizens,<\/strong> care desf\u0103\u0219oar\u0103 proiectul factual.ro, primul site de fact-checking pe politicile \u0219i declara\u021biile publice din Rom\u00e2nia, cu scopul de a-i motiva pe cet\u0103\u021benii rom\u00e2ni \u00een a-\u0219i dezvolta g\u00e2ndirea critic\u0103.<\/p>\n<p>Albumul poate fi achizi\u021bionat din magazinul online <a href=\"http:\/\/www.curteaveche.ro\/\">www.curteaveche.ro<\/a> la pre\u021bul de 30 lei \u0219i va fi disponibil \u00eencep\u00e2nd cu data de 3 martie 2017 \u00een libr\u0103riile din \u021bar\u0103 \u0219i la partenerii online.<\/p>\n","protected":false},"excerpt":{"rendered":"<p>Curtea Veche Publishing anun\u021b\u0103 apari\u021bia c\u0103r\u021bii care documenteaz\u0103 cel mai mare protest din istoria postdecembrist\u0103 a Rom\u00e2niei. Albumul \u201c#rezist. Proteste \u00eempotriva OUG 13\/2017\u201d, realizat cu sprijinul oferit de numero\u0219i fotografi din \u021bar\u0103 \u0219i din str\u0103in\u0103tate, de importan\u021bi jurnali\u0219ti, anali\u0219ti \u0219i oameni de cultur\u0103, este disponibil \u00eencep\u00e2nd cu data de 2 martie 2017. \u201cNecesitatea arhiv\u0103rii acestor&hellip;&nbsp;<a href=\"https:\/\/www.curteaveche.ro\/blog\/rezist-proteste-impotriva-oug-132017-albumul-care-documenteaza-cel-mai-mare-protest-din-istoria-postdecembrista\/\" rel=\"bookmark\"><span class=\"screen-reader-text\">#rezist. Proteste \u00eempotriva OUG 13\/2017, albumul care documenteaz\u0103 cel mai mare protest din istoria postdecembrist\u0103<\/span><\/a><\/p>\n","protected":false},"author":1,"featured_media":16289,"comment_status":"open","ping_status":"open","sticky":false,"template":"","format":"standard","meta":{"neve_meta_sidebar":"","neve_meta_container":"","neve_meta_enable_content_width":"","neve_meta_content_width":0,"neve_meta_title_alignment":"","neve_meta_author_avatar":"","neve_post_elements_order":"","neve_meta_disable_header":"","neve_meta_disable_footer":"","neve_meta_disable_title":"","footnotes":""},"categories":[3],"tags":[4704,4489,464,4491,577,4705,4703],"class_list":["post-16285","post","type-post","status-publish","format-standard","has-post-thumbnail","hentry","category-carte","tag-album-proteste","tag-carte","tag-curtea-veche","tag-curtea-veche-publishing","tag-editura","tag-proteste-ordonanta-de-urgenta","tag-rezist"],"_links":{"self":[{"href":"https:\/\/www.curteaveche.ro\/blog\/wp-json\/wp\/v2\/posts\/16285","targetHints":{"allow":["GET"]}}],"collection":[{"href":"https:\/\/www.curteaveche.ro\/blog\/wp-json\/wp\/v2\/posts"}],"about":[{"href":"https:\/\/www.curteaveche.ro\/blog\/wp-json\/wp\/v2\/types\/post"}],"author":[{"embeddable":true,"href":"https:\/\/www.curteaveche.ro\/blog\/wp-json\/wp\/v2\/users\/1"}],"replies":[{"embeddable":true,"href":"https:\/\/www.curteaveche.ro\/blog\/wp-json\/wp\/v2\/comments?post=16285"}],"version-history":[{"count":0,"href":"https:\/\/www.curteaveche.ro\/blog\/wp-json\/wp\/v2\/posts\/16285\/revisions"}],"wp:featuredmedia":[{"embeddable":true,"href":"https:\/\/www.curteaveche.ro\/blog\/wp-json\/wp\/v2\/media\/16289"}],"wp:attachment":[{"href":"https:\/\/www.curteaveche.ro\/blog\/wp-json\/wp\/v2\/media?parent=16285"}],"wp:term":[{"taxonomy":"category","embeddable":true,"href":"https:\/\/www.curteaveche.ro\/blog\/wp-json\/wp\/v2\/categories?post=16285"},{"taxonomy":"post_tag","embeddable":true,"href":"https:\/\/www.curteaveche.ro\/blog\/wp-json\/wp\/v2\/tags?post=16285"}],"curies":[{"name":"wp","href":"https:\/\/api.w.org\/{rel}","templated":true}]}}